{"id":134,"date":"2014-02-05T22:54:01","date_gmt":"2014-02-05T22:54:01","guid":{"rendered":"http:\/\/blog.continental.edu.pe\/centro-cultural\/?p=134"},"modified":"2014-05-09T22:28:36","modified_gmt":"2014-05-09T22:28:36","slug":"programa-cultural-febrero-2014","status":"publish","type":"post","link":"https:\/\/blog.continental.edu.pe\/centro-cultural\/programa-cultural-febrero-2014\/","title":{"rendered":"Programa Cultural &#8211; Febrero 2014"},"content":{"rendered":"<p align=\"center\"><b>Programa Cultural <\/b><\/p>\n<p align=\"center\"><b>Febrero 2014<\/b><\/p>\n<p style=\"text-align: left;\" align=\"center\"><b>&#8211; Jueves 06 de febrero\u00a0 <\/b><\/p>\n<p><b>Presentaci\u00f3n de la revista Cr\u00f3nika<\/b><\/p>\n<figure><a href=\"http:\/\/blog.continental.edu.pe\/centro-cultural\/wp-content\/uploads\/sites\/5\/2014\/02\/crooo.jpg\" rel=\"attachment wp-att-141\"><img loading=\"lazy\" class=\"size-medium wp-image-141 aligncenter\" src=\"http:\/\/blog.continental.edu.pe\/centro-cultural\/wp-content\/uploads\/sites\/5\/2014\/02\/crooo-223x300.jpg\" alt=\"crooo\" width=\"223\" height=\"300\" \/><\/a><\/figure>\n<p>En esta edici\u00f3n dedicada a la fiesta de La Tunantada encontrar\u00e1s ensayos\u00a0de Manuel Perales, Carlos Hurtado Ames, Henry Bonilla. Un cuento del reconocido escritor jaujino Edgardo Rivera Mart\u00ednez. Una entrevista del recuerdo con Juan Bol\u00edvar Crespo. Una semblanza sobre el padre de la tunantada: Tiburcio Mallaupoma, (escrita por su hijo). Cr\u00f3nicas y el<br \/>\nportafolio gr\u00e1fico de Mart\u00edn Alvarado.<\/p>\n<p style=\"text-align: center;\">6:00 p.m. \/ Sala de audiencias UC \/ Av. San\u00a0 Carlos N\u00b0 1980 \/ Ingreso libre<\/p>\n<p><b>*Club Cine \/ <\/b><b>Ciclo: Febrero de tus amores<\/b><\/p>\n<p><b>-Mi\u00e9rcoles 12 de febrero <\/b><\/p>\n<p><b>Luces en la ciudad (Chalres Chaplin, EEUU, 1980)<\/b><\/p>\n<p style=\"text-align: center;\"><a href=\"http:\/\/blog.continental.edu.pe\/centro-cultural\/wp-content\/uploads\/sites\/5\/2014\/02\/z_luces-de-la-ciudad.jpg\" rel=\"attachment wp-att-140\"><img loading=\"lazy\" class=\"size-medium wp-image-140\" src=\"http:\/\/blog.continental.edu.pe\/centro-cultural\/wp-content\/uploads\/sites\/5\/2014\/02\/z_luces-de-la-ciudad-300x210.jpg\" alt=\"z_luces-de-la-ciudad\" width=\"300\" height=\"210\" \/><\/a><\/p>\n<p>Un pobre vagabundo (Charles Chaplin) pasa mil y un avatares para conseguir dinero y ayudar a una pobre chica ciega (Virginia Cherrill) de la que se ha enamorado.<\/p>\n<p style=\"text-align: center;\">6:00 p.m. \/ Sala de audiencias UC \/ Av. San\u00a0 Carlos N\u00b0 1980 \/ Ingreso libre<\/p>\n<p><b>-Mi\u00e9rcoles 19 de febrero\u00a0 <\/b><\/p>\n<p><b>El Cartero (Michael Radford, Italia, 1994)<\/b><\/p>\n<figure><a href=\"http:\/\/blog.continental.edu.pe\/centro-cultural\/wp-content\/uploads\/sites\/5\/2014\/02\/el-cartero-y-pablo-neruda-2.jpg\" rel=\"attachment wp-att-137\"><img loading=\"lazy\" class=\"size-medium wp-image-137 aligncenter\" src=\"http:\/\/blog.continental.edu.pe\/centro-cultural\/wp-content\/uploads\/sites\/5\/2014\/02\/el-cartero-y-pablo-neruda-2-300x168.jpg\" alt=\"el-cartero-y-pablo-neruda-2\" width=\"300\" height=\"168\" \/><\/a><\/figure>\n<p>Mario (Massimo Troisi) es un hombre sencillo que acepta un empleo de cartero. Su trabajo consiste en llevar el correo a un \u00fanico destinatario, el poeta chileno Pablo Neruda (Philippe Noiret).<\/p>\n<p style=\"text-align: center;\">6:00 p.m. \/ Sala de audiencias UC \/ Av. San\u00a0 Carlos N\u00b0 1980 \/ Ingreso libre<b><\/b><\/p>\n<p><strong>*Por vacaciones, actividades para ni\u00f1os hasta los 12 a\u00f1os. Todos los martes de febrero a las 11:30 am en el Anfiteatro UC Pab. G 101 \/ Av. San\u00a0 Carlos N\u00b0 1980 \/Ingreso libre<\/strong><\/p>\n<figure><a href=\"http:\/\/blog.continental.edu.pe\/centro-cultural\/wp-content\/uploads\/sites\/5\/2014\/02\/Molinete.jpg\" rel=\"attachment wp-att-139\"><img loading=\"lazy\" class=\"size-medium wp-image-139 aligncenter\" src=\"http:\/\/blog.continental.edu.pe\/centro-cultural\/wp-content\/uploads\/sites\/5\/2014\/02\/Molinete-300x200.jpg\" alt=\"Molinete\" width=\"300\" height=\"200\" \/><\/a><\/figure>\n<p><strong>&#8211;\u00a0Martes 04 de febrero<\/strong><\/p>\n<p><b>Taller b\u00e1sico de dibujo<\/b><\/p>\n<p>Por Carlos Sarzo<\/p>\n<p>Artista pl\u00e1stico<\/p>\n<p><i>Traer l\u00e1piz y cartulina<\/i><\/p>\n<p><i>&#8211;\u00a0<\/i><b>Martes 11 de febrero<\/b><\/p>\n<p><b>Marat\u00f3n de cortometrajes <\/b><\/p>\n<p>Se presentar\u00e1n una selecci\u00f3n de cortometrajes animados y adaptaciones de cuentos.<\/p>\n<p><b>-Martes 18 de febrero<\/b><\/p>\n<p><b>Presentaci\u00f3n de <\/b><b>Compa\u00f1\u00eda de t\u00edteres El Molinete<\/b><\/p>\n<p>Fundada en 2005 para que todo el Valle del Mantaro conozca a trav\u00e9s de su arte las manifestaciones culturales de manera l\u00fadica.<\/p>\n<p><b>-Martes 25 de febrero<\/b><\/p>\n<p><b>Presentaci\u00f3n de <\/b><b>Claun por Sonr\u00ede Per\u00fa<\/b><\/p>\n<p>Asociaci\u00f3n voluntaria que recorre hospitales y comunidades utilizando batas blancas y narices rojas, su trabajo es contagiar sonrisas.<b><\/b><\/p>\n<p style=\"text-align: center;\">Todos los martes de febrero a las 11:30 am en el Anfiteatro UC Pab. G 101 \/ Av. San\u00a0 Carlos N\u00b0 1980 \/Ingreso libre<\/p>\n<p><b>&#8211; Viernes <\/b><b>14 de febrero\u00a0 <\/b><\/p>\n<p><b>San Valent\u00edn <\/b><\/p>\n<p>Siglo III. Roma. Se proh\u00edben los matrimonios entre j\u00f3venes y San Valent\u00edn se opone a esta orden del emperador Claudio II. Lo encarcelan. Cuenta la leyenda que un 14 de febrero ejecutan a San Valent\u00edn, sacerdote cristiano que se enamor\u00f3 de la hija de su carcelero a qui\u00e9n le enviaba cartas de amor firmadas\u00a0 <i>\u201cDe tu Valent\u00edn\u201d.<img loading=\"lazy\" class=\"size-medium wp-image-142 aligncenter\" src=\"http:\/\/blog.continental.edu.pe\/centro-cultural\/wp-content\/uploads\/sites\/5\/2014\/02\/barquito_papel_color-300x199.jpg\" alt=\"barquito_papel_color\" width=\"300\" height=\"199\" \/><\/i><\/p>\n<p>\u2026as\u00ed, cada 14 de febrero se intercambian regalos, cartas, frases, regalos entre los enamorados, aunque en nuestro pa\u00eds se llama el d\u00eda del amor y la amistad y es una leyenda lo vamos a celebrar.<\/p>\n<p style=\"text-align: center;\">11:30 a.m. \/ Campus UC \/Av. San\u00a0 Carlos N\u00b0 1980<\/p>\n<p><b>\u00a0-Jueves <\/b><b>20 de febrero<\/b><\/p>\n<p><b>Taller b\u00e1sico de <\/b><b>Manga <\/b><\/p>\n<figure><a href=\"http:\/\/blog.continental.edu.pe\/centro-cultural\/wp-content\/uploads\/sites\/5\/2014\/02\/Manga.jpg\" rel=\"attachment wp-att-138\"><img loading=\"lazy\" class=\"size-medium wp-image-138 aligncenter\" src=\"http:\/\/blog.continental.edu.pe\/centro-cultural\/wp-content\/uploads\/sites\/5\/2014\/02\/Manga-124x300.jpg\" alt=\"Manga\" width=\"124\" height=\"300\" \/><\/a><\/figure>\n<p>Por la asociaci\u00f3n cultural Per\u00fa Kenshin Renmei,\u00a0a cargo de Harold \u00d1aupari<\/p>\n<p>Manga, en Jap\u00f3n, designa a las historietas en general. Fuera de Jap\u00f3n se utiliza, exclusivamente, para referirse a las historietas niponas. Abarca una amplia variedad de g\u00e9neros. Constituye una parte importante del mercado editorial de Jap\u00f3n y se adapta a distintos formatos como series de animaci\u00f3n, pel\u00edculas, videojuegos y novelas.<\/p>\n<p style=\"text-align: center;\"><b>\u00a0<\/b>6:00 p.m. \/ Anfiteatro \u2013 Pab. G &#8211; 101 \/Av. San\u00a0 Carlos N\u00b0 1980 \/ Ingreso libre<\/p>\n<p><b>\u00a0-Jueves <\/b><b>27 de febrero<\/b><\/p>\n<p><b>Entrega de arte<\/b><\/p>\n<p><b>Centro Humanista de Educaci\u00f3n Art\u00edstica CHEA<\/b><\/p>\n<p><b><a href=\"http:\/\/blog.continental.edu.pe\/centro-cultural\/wp-content\/uploads\/sites\/5\/2014\/02\/1404548_407104972749384_1043977367_o.jpg\" rel=\"attachment wp-att-143\"><img loading=\"lazy\" class=\"size-medium wp-image-143 aligncenter\" src=\"http:\/\/blog.continental.edu.pe\/centro-cultural\/wp-content\/uploads\/sites\/5\/2014\/02\/1404548_407104972749384_1043977367_o-300x206.jpg\" alt=\"1404548_407104972749384_1043977367_o\" width=\"300\" height=\"206\" \/><\/a><\/b><\/p>\n<p style=\"text-align: center;\">6:00 p.m. \/ Sala de audiencias UC \/ Av. San\u00a0 Carlos N\u00b0 1980 \/Ingreso libre<\/p>\n","protected":false},"excerpt":{"rendered":"<p>Programa Cultural Febrero 2014 &#8211; Jueves 06 de febrero\u00a0 Presentaci\u00f3n de la revista Cr\u00f3nika En esta edici\u00f3n dedicada a la fiesta de La Tunantada encontrar\u00e1s ensayos\u00a0de Manuel Perales, Carlos Hurtado Ames, Henry Bonilla. Un cuento del reconocido escritor jaujino Edgardo Rivera Mart\u00ednez. Una entrevista del recuerdo con Juan Bol\u00edvar Crespo. Una semblanza sobre el padre [&hellip;]<\/p>\n","protected":false},"author":14,"featured_media":135,"comment_status":"open","ping_status":"open","sticky":false,"template":"","format":"standard","meta":[],"categories":[2],"tags":[],"_links":{"self":[{"href":"https:\/\/blog.continental.edu.pe\/centro-cultural\/wp-json\/wp\/v2\/posts\/134"}],"collection":[{"href":"https:\/\/blog.continental.edu.pe\/centro-cultural\/wp-json\/wp\/v2\/posts"}],"about":[{"href":"https:\/\/blog.continental.edu.pe\/centro-cultural\/wp-json\/wp\/v2\/types\/post"}],"author":[{"embeddable":true,"href":"https:\/\/blog.continental.edu.pe\/centro-cultural\/wp-json\/wp\/v2\/users\/14"}],"replies":[{"embeddable":true,"href":"https:\/\/blog.continental.edu.pe\/centro-cultural\/wp-json\/wp\/v2\/comments?post=134"}],"version-history":[{"count":1,"href":"https:\/\/blog.continental.edu.pe\/centro-cultural\/wp-json\/wp\/v2\/posts\/134\/revisions"}],"predecessor-version":[{"id":136,"href":"https:\/\/blog.continental.edu.pe\/centro-cultural\/wp-json\/wp\/v2\/posts\/134\/revisions\/136"}],"wp:featuredmedia":[{"embeddable":true,"href":"https:\/\/blog.continental.edu.pe\/centro-cultural\/wp-json\/wp\/v2\/media\/135"}],"wp:attachment":[{"href":"https:\/\/blog.continental.edu.pe\/centro-cultural\/wp-json\/wp\/v2\/media?parent=134"}],"wp:term":[{"taxonomy":"category","embeddable":true,"href":"https:\/\/blog.continental.edu.pe\/centro-cultural\/wp-json\/wp\/v2\/categories?post=134"},{"taxonomy":"post_tag","embeddable":true,"href":"https:\/\/blog.continental.edu.pe\/centro-cultural\/wp-json\/wp\/v2\/tags?post=134"}],"curies":[{"name":"wp","href":"https:\/\/api.w.org\/{rel}","templated":true}]}}