{"id":18,"date":"2013-10-25T21:02:31","date_gmt":"2013-10-25T21:02:31","guid":{"rendered":"http:\/\/blog.continental.edu.pe\/centro-cultural\/?p=18"},"modified":"2014-05-09T23:02:39","modified_gmt":"2014-05-09T23:02:39","slug":"presentacion-de-libro-la-soledad-y-sus-misterios-en-el-centro-cultural-continental","status":"publish","type":"post","link":"https:\/\/blog.continental.edu.pe\/centro-cultural\/presentacion-de-libro-la-soledad-y-sus-misterios-en-el-centro-cultural-continental\/","title":{"rendered":"Presentaci\u00f3n de libro: La soledad y sus misterios en el Centro Cultural Continental"},"content":{"rendered":"<p><a href=\"http:\/\/blog.continental.edu.pe\/centro-cultural\/wp-content\/uploads\/sites\/5\/2013\/10\/Libro-La-Soledad-y-sus-misterios.jpg\" rel=\"attachment wp-att-19\"><img loading=\"lazy\" class=\"size-medium wp-image-19 aligncenter\" src=\"http:\/\/blog.continental.edu.pe\/centro-cultural\/wp-content\/uploads\/sites\/5\/2013\/10\/Libro-La-Soledad-y-sus-misterios-190x300.jpg\" alt=\"Libro La Soledad y sus misterios\" width=\"190\" height=\"300\" \/><\/a>La producci\u00f3n literaria en Huancayo se da en espacios importantes, por ello surgen publicaciones de libros como <i>La soledad y sus misterios<\/i> (Bisagra editores, 2013), que re\u00fane 11 cuentos de escritores huanca\u00ednos.<\/p>\n<p><a href=\"http:\/\/blog.continental.edu.pe\/centro-cultural\/wp-content\/uploads\/sites\/5\/2013\/10\/Libro-La-soledad-11.jpg\" rel=\"attachment wp-att-20\"><img loading=\"lazy\" class=\"size-medium wp-image-20 aligncenter\" src=\"http:\/\/blog.continental.edu.pe\/centro-cultural\/wp-content\/uploads\/sites\/5\/2013\/10\/Libro-La-soledad-11-300x200.jpg\" alt=\"Libro La soledad (11)\" width=\"300\" height=\"200\" \/><\/a>Los cuentos hallados en este libro confluyen en el tema de la soledad que es abordado desde diferentes perspectivas y con diferentes historias, es as\u00ed que Sandro Bossio, Giannina Sovero, Jorge Salcedo, Ulises Guti\u00e9rrez, Carlos Rengifo, Alonso Rodr\u00edguez, Ronald Santana, Carlos Trujillo y C\u00e9sar Palacios entregan esta antolog\u00eda de cuentos desde su pluma y creaci\u00f3n literaria.<\/p>\n<p>&nbsp;<\/p>\n","protected":false},"excerpt":{"rendered":"<p>La producci\u00f3n literaria en Huancayo se da en espacios importantes, por ello surgen publicaciones de libros como La soledad y sus misterios (Bisagra editores, 2013), que re\u00fane 11 cuentos de escritores huanca\u00ednos. Los cuentos hallados en este libro confluyen en el tema de la soledad que es abordado desde diferentes perspectivas y con diferentes historias, [&hellip;]<\/p>\n","protected":false},"author":14,"featured_media":158,"comment_status":"open","ping_status":"open","sticky":false,"template":"","format":"standard","meta":[],"categories":[2],"tags":[],"_links":{"self":[{"href":"https:\/\/blog.continental.edu.pe\/centro-cultural\/wp-json\/wp\/v2\/posts\/18"}],"collection":[{"href":"https:\/\/blog.continental.edu.pe\/centro-cultural\/wp-json\/wp\/v2\/posts"}],"about":[{"href":"https:\/\/blog.continental.edu.pe\/centro-cultural\/wp-json\/wp\/v2\/types\/post"}],"author":[{"embeddable":true,"href":"https:\/\/blog.continental.edu.pe\/centro-cultural\/wp-json\/wp\/v2\/users\/14"}],"replies":[{"embeddable":true,"href":"https:\/\/blog.continental.edu.pe\/centro-cultural\/wp-json\/wp\/v2\/comments?post=18"}],"version-history":[{"count":1,"href":"https:\/\/blog.continental.edu.pe\/centro-cultural\/wp-json\/wp\/v2\/posts\/18\/revisions"}],"predecessor-version":[{"id":159,"href":"https:\/\/blog.continental.edu.pe\/centro-cultural\/wp-json\/wp\/v2\/posts\/18\/revisions\/159"}],"wp:featuredmedia":[{"embeddable":true,"href":"https:\/\/blog.continental.edu.pe\/centro-cultural\/wp-json\/wp\/v2\/media\/158"}],"wp:attachment":[{"href":"https:\/\/blog.continental.edu.pe\/centro-cultural\/wp-json\/wp\/v2\/media?parent=18"}],"wp:term":[{"taxonomy":"category","embeddable":true,"href":"https:\/\/blog.continental.edu.pe\/centro-cultural\/wp-json\/wp\/v2\/categories?post=18"},{"taxonomy":"post_tag","embeddable":true,"href":"https:\/\/blog.continental.edu.pe\/centro-cultural\/wp-json\/wp\/v2\/tags?post=18"}],"curies":[{"name":"wp","href":"https:\/\/api.w.org\/{rel}","templated":true}]}}