{"id":256,"date":"2014-11-10T14:19:31","date_gmt":"2014-11-10T14:19:31","guid":{"rendered":"http:\/\/blog.continental.edu.pe\/centro-cultural\/?p=256"},"modified":"2014-11-10T14:24:00","modified_gmt":"2014-11-10T14:24:00","slug":"programa-de-la-7ma-muestra-de-cine-y-psicoanalisis-en-huancayo","status":"publish","type":"post","link":"https:\/\/blog.continental.edu.pe\/centro-cultural\/programa-de-la-7ma-muestra-de-cine-y-psicoanalisis-en-huancayo\/","title":{"rendered":"Programa de la VII Muestra de Cine y Psicoan\u00e1lisis"},"content":{"rendered":"<p>VII Muestra de Cine y Psicoan\u00e1lisis: M\u00e1s que Historias, los Afectos<\/p>\n<p>En Huancayo del 11 al 14 de noviembre 2014<\/p>\n<figure><a href=\"http:\/\/blog.continental.edu.pe\/centro-cultural\/wp-content\/uploads\/sites\/5\/2014\/11\/spp_7ma_muestra_de_cine_fechas.png\" rel=\"attachment wp-att-262\"><img class=\"alignnone\" src=\"http:\/\/blog.continental.edu.pe\/centro-cultural\/wp-content\/uploads\/sites\/5\/2014\/11\/spp_7ma_muestra_de_cine_fechas-300x150.png\" alt=\"spp_7ma_muestra_de_cine_fechas\" \/><\/a><\/figure>\n<p>El cine y el psicoan\u00e1lisis son contempor\u00e1neos. Desde que aparecieron a fines del siglo XIX y a pesar del desinter\u00e9s de Freud hacia la nueva forma de arte, nunca han dejado de influirse mutuamente en modos que van desde la representaci\u00f3n cinematogr\u00e1fica del tratamiento psicoanal\u00edtico, la utilizaci\u00f3n de la teor\u00eda y la psicopatolog\u00eda para la construcci\u00f3n de tramas y personajes, hasta la interpretaci\u00f3n y cr\u00edtica psicoanal\u00edticas de material cinematogr\u00e1fico.<\/p>\n<p>Desde hace ocho a\u00f1os, la Sociedad Peruana de Psicoan\u00e1lisis y la Filmoteca de la PUCP unen esfuerzos para organizar eventos en los que el cine y el psicoan\u00e1lisis dialogan. Cada versi\u00f3n de la Muestra ha tomado como eje central un tema de inter\u00e9s cinematogr\u00e1fico y psicoanal\u00edtico. Esta vez se trata de los afectos.<\/p>\n<p>Aqu\u00ed el programa de la muestra en la Universidad Continental, Huancayo, que es sede de esta muestra.<\/p>\n<p><strong>Martes 11 \/ 7:30 p.m. \/Anfiteatro G -101<\/strong><\/p>\n<p><strong>LLENAR EL VAC\u00cdO &#8211; Lemale et ha&#8217;halal<\/strong><\/p>\n<p>Israel, 2012 \/ Color \/ Digital \/ 90 min.<\/p>\n<p>De Rama Burshtein.<\/p>\n<p>Con Julie Christie, Alan Bates, Dominic Guard, Margaret Leighton. Premios: Palma de Oro a mejor pel\u00edcula en el Festival de Cannes.<\/p>\n<figure><a href=\"http:\/\/blog.continental.edu.pe\/centro-cultural\/wp-content\/uploads\/sites\/5\/2014\/11\/Llenar-el-vacio-03.jpg\" rel=\"attachment wp-att-259\"><img class=\"alignnone\" src=\"http:\/\/blog.continental.edu.pe\/centro-cultural\/wp-content\/uploads\/sites\/5\/2014\/11\/Llenar-el-vacio-03-300x200.jpg\" alt=\"Llenar-el-vacio-03\" \/><\/a><\/figure>\n<p>Inglaterra, principios del siglo XX. Los se\u00f1ores Maudsley, de la alta sociedad inglesa, han invitado a Leo, un compa\u00f1ero de clase de su hijo a pasar unos d\u00edas de vacaciones con ellos. El reci\u00e9n llegado ser\u00e1 utilizado por la hermana de su amigo para enviar cartas a su amante.<\/p>\n<p><strong>Mi\u00e9rcoles 12 \/6:00 p.m.\/F -101<\/strong><\/p>\n<p><strong>KID<\/strong><\/p>\n<p>B\u00e9lgica, 2012 \/ Color \/ Digital \/ 90 min.<\/p>\n<p>De Fien Troch.<\/p>\n<p>Con Bent Simons, Maarten Meeusen, Rit Ghoos.<\/p>\n<figure><a href=\"http:\/\/blog.continental.edu.pe\/centro-cultural\/wp-content\/uploads\/sites\/5\/2014\/11\/kid-1.jpg\" rel=\"attachment wp-att-258\"><img class=\"alignnone\" src=\"http:\/\/blog.continental.edu.pe\/centro-cultural\/wp-content\/uploads\/sites\/5\/2014\/11\/kid-1-300x150.jpg\" alt=\"kid-1\" \/><\/a><\/figure>\n<p>El personaje que da t\u00edtulo a la cinta es \u00abun ni\u00f1o de siete a\u00f1os feliz y seguro en casa de su amada madre, a la que no resulta f\u00e1cil sobrellevar su solter\u00eda. Cuando ella muere, Kid tendr\u00e1 que enfrentarse a los miedos y las amenazas de este mundo\u00bb.<\/p>\n<p><strong>\u00a0Jueves 13\/6:00 p.m.\/Sala de audiencias UC<\/strong><\/p>\n<p><strong>EL MENSAJERO &#8211; The Go-Between<\/strong><\/p>\n<p>Reino Unido, 1970 \/ Color \/ Digital \/ 116 min.<\/p>\n<p>De Joseph Losey.<\/p>\n<figure><a href=\"http:\/\/blog.continental.edu.pe\/centro-cultural\/wp-content\/uploads\/sites\/5\/2014\/11\/cannes-mensajero.jpg\" rel=\"attachment wp-att-261\"><img class=\"alignnone\" src=\"http:\/\/blog.continental.edu.pe\/centro-cultural\/wp-content\/uploads\/sites\/5\/2014\/11\/cannes-mensajero-300x136.jpg\" alt=\"cannes-mensajero\" \/><\/a><\/figure>\n<p>Con Julie Christie, Alan Bates, Dominic Guard, Margaret Leighton. Premios: Palma de Oro a mejor pel\u00edcula en el Festival de Cannes.<\/p>\n<p>Inglaterra, principios del siglo XX. Los se\u00f1ores Maudsley, de la alta sociedad inglesa, han invitado a Leo, un compa\u00f1ero de clase de su hijo a pasar unos d\u00edas de vacaciones con ellos. El reci\u00e9n llegado ser\u00e1 utilizado por la hermana de su amigo para enviar cartas a su amante.<\/p>\n<p><strong>Viernes 14\/11:00 a.m.\/Sala de audiencias UC<\/strong><\/p>\n<p><strong>LA SOLEDAD DE LOS N\u00daMEROS PRIMOS &#8211; La solitudine dei numeri primi<\/strong><\/p>\n<p>Italia, 2010 \/ Color \/ Digital \/ 118 min.<\/p>\n<p>De Saverio Costanzo.<\/p>\n<p>Con Alba Rohrwacher, Luca Marinelli, Isabella Rossellini, Arianna Nastro. Nominada a los Premios David di Donatello a mejor director, actriz y fotograf\u00eda.<\/p>\n<figure><a href=\"http:\/\/blog.continental.edu.pe\/centro-cultural\/wp-content\/uploads\/sites\/5\/2014\/11\/soledad-numeros-primos-649x330x80xX.jpg\" rel=\"attachment wp-att-260\"><img class=\"alignnone\" src=\"http:\/\/blog.continental.edu.pe\/centro-cultural\/wp-content\/uploads\/sites\/5\/2014\/11\/soledad-numeros-primos-649x330x80xX-300x152.jpg\" alt=\"soledad-numeros-primos-649x330x80xX\" \/><\/a><\/figure>\n<p>En la escuela, Mattia hab\u00eda estudiado que entre los n\u00fameros primos (los que s\u00f3lo son divisibles por s\u00ed mismos o por la unidad) hay algunos muy especiales, a los que los matem\u00e1ticos llaman n\u00fameros primos gemelos: son parejas de n\u00fameros primos que est\u00e1n casi juntos, pues entre ellos s\u00f3lo se interpone un n\u00famero par. Son n\u00fameros como el 11 y el 13, el 17 y el 19, o el 41 y el 43. Mattia pensaba que Alice y \u00e9l eran as\u00ed, dos primos gemelos, solos y perdidos, juntos pero no lo bastante para tocarse de verdad&#8230; Adaptaci\u00f3n cinematogr\u00e1fica del <em>bestseller<\/em> internacional \u00abLa soledad de los n\u00fameros primos\u00bb, de Paolo Giordano.<\/p>\n<p><strong>Direcci\u00f3n: Av. San Carlos N\u00b0 1980<\/strong><\/p>\n<p><strong>Ingreso libre<\/strong><\/p>\n<p>&nbsp;<\/p>\n<p>&nbsp;<\/p>\n","protected":false},"excerpt":{"rendered":"<p>VII Muestra de Cine y Psicoan\u00e1lisis: M\u00e1s que Historias, los Afectos En Huancayo del 11 al 14 de noviembre 2014 El cine y el psicoan\u00e1lisis son contempor\u00e1neos. Desde que aparecieron a fines del siglo XIX y a pesar del desinter\u00e9s de Freud hacia la nueva forma de arte, nunca han dejado de influirse mutuamente en [&hellip;]<\/p>\n","protected":false},"author":14,"featured_media":267,"comment_status":"open","ping_status":"open","sticky":false,"template":"","format":"standard","meta":[],"categories":[1],"tags":[],"_links":{"self":[{"href":"https:\/\/blog.continental.edu.pe\/centro-cultural\/wp-json\/wp\/v2\/posts\/256"}],"collection":[{"href":"https:\/\/blog.continental.edu.pe\/centro-cultural\/wp-json\/wp\/v2\/posts"}],"about":[{"href":"https:\/\/blog.continental.edu.pe\/centro-cultural\/wp-json\/wp\/v2\/types\/post"}],"author":[{"embeddable":true,"href":"https:\/\/blog.continental.edu.pe\/centro-cultural\/wp-json\/wp\/v2\/users\/14"}],"replies":[{"embeddable":true,"href":"https:\/\/blog.continental.edu.pe\/centro-cultural\/wp-json\/wp\/v2\/comments?post=256"}],"version-history":[{"count":3,"href":"https:\/\/blog.continental.edu.pe\/centro-cultural\/wp-json\/wp\/v2\/posts\/256\/revisions"}],"predecessor-version":[{"id":265,"href":"https:\/\/blog.continental.edu.pe\/centro-cultural\/wp-json\/wp\/v2\/posts\/256\/revisions\/265"}],"wp:featuredmedia":[{"embeddable":true,"href":"https:\/\/blog.continental.edu.pe\/centro-cultural\/wp-json\/wp\/v2\/media\/267"}],"wp:attachment":[{"href":"https:\/\/blog.continental.edu.pe\/centro-cultural\/wp-json\/wp\/v2\/media?parent=256"}],"wp:term":[{"taxonomy":"category","embeddable":true,"href":"https:\/\/blog.continental.edu.pe\/centro-cultural\/wp-json\/wp\/v2\/categories?post=256"},{"taxonomy":"post_tag","embeddable":true,"href":"https:\/\/blog.continental.edu.pe\/centro-cultural\/wp-json\/wp\/v2\/tags?post=256"}],"curies":[{"name":"wp","href":"https:\/\/api.w.org\/{rel}","templated":true}]}}