{"id":284,"date":"2014-12-12T15:46:29","date_gmt":"2014-12-12T15:46:29","guid":{"rendered":"http:\/\/blog.continental.edu.pe\/centro-cultural\/?p=284"},"modified":"2015-12-16T23:17:55","modified_gmt":"2015-12-16T23:17:55","slug":"un-ano-de-enciende-cultura","status":"publish","type":"post","link":"https:\/\/blog.continental.edu.pe\/centro-cultural\/un-ano-de-enciende-cultura\/","title":{"rendered":"Enciende Cultura y sus dos a\u00f1os de vida"},"content":{"rendered":"<p>Cada uno de los 28 distritos de Huancayo, tiene gran riqueza cultural acu\u00f1ada por el bagaje milenario de su historia. Aqu\u00ed abundan las expresiones art\u00edsticas como la artesan\u00eda, la danza, las fiestas, que son su patrimonio e identidad. Pero poco hay de esa vinculaci\u00f3n que debe existir entre los artistas pl\u00e1sticos, escritores y poetas, los m\u00fasicos de diversos g\u00e9neros, los narradores orales, los artistas de la calle, entre otros.<\/p>\n<p>Ahora m\u00e1s que nunca sabemos que esta ciudad plagada de autos, comercios y m\u00e1s, tiene menos tiempo para disfrutar de funciones de teatro o espect\u00e1culos al aire libre que surgen a iniciativa de asociaciones o centros culturales, gestores o de los propios artistas que buscan espacios para eventos culturales. Pese a ello, la respuesta del p\u00fablico est\u00e1 creciendo y eso se refleja en la concurrencia a eventos como la Feria del Libro de Huancayo y festivales con invitados internacionales.<\/p>\n<p>Es en ese escenario, que nace Enciende Cultura en octubre del 2013. Es un proyecto que se origina bajo el precepto de \u201cCultura Viva\u201d, ejecutado por la\u00a0Municipalidad de Lima en la anterior gesti\u00f3n en los conos de la capital, incentivando el arte en zonas vulnerables. Desde ah\u00ed surge la idea de hacer en Huancayo un propio proyecto del Centro Cultural de la Universidad Continental.<\/p>\n<p><em>Puedes ver aqu\u00ed el trabajo en <a href=\"http:\/\/on.fb.me\/1TE1TMQ\">Chongos Bajo<\/a>\u00a0<\/em><\/p>\n<p>El principal objetivo de Enciende Cultura es acercar el arte, en sus diferentes expresiones, a la poblaci\u00f3n, espec\u00edficamente a los ni\u00f1os y difundir el trabajo de los artistas locales, nacionales y mundiales en escenarios colectivos contando con permisos de las Municipalidades o Comunidades.<\/p>\n<figure><a href=\"http:\/\/blog.continental.edu.pe\/centro-cultural\/wp-content\/uploads\/sites\/5\/2014\/12\/Selec-4.jpg\" rel=\"attachment wp-att-300\"><img class=\"aligncenter\" src=\"http:\/\/blog.continental.edu.pe\/centro-cultural\/wp-content\/uploads\/sites\/5\/2014\/12\/Selec-4-300x209.jpg\" alt=\"Selec 4\" \/><\/a><\/figure>\n<p><strong>Actividades <\/strong><\/p>\n<p>Con este proyecto llevamos un sentimiento: el del arte y adem\u00e1s sensibilizamos a la poblaci\u00f3n en distritos de Huancayo y Jun\u00edn. Tomamos en cuenta que es muy diferente escuchar un saxof\u00f3n en la fiesta del huaylarsh, a escucharlo en un auditorio colmado de p\u00fablico infantil. No dudamos de que ser\u00e1 un dulce susurro al alma que probablemente quedar\u00e1 impregnado para siempre.<\/p>\n<figure><a href=\"http:\/\/blog.continental.edu.pe\/centro-cultural\/wp-content\/uploads\/sites\/5\/2014\/12\/Chingois1.jpg\" rel=\"attachment wp-att-301\"><img class=\"aligncenter\" src=\"http:\/\/blog.continental.edu.pe\/centro-cultural\/wp-content\/uploads\/sites\/5\/2014\/12\/Chingois1-300x296.jpg\" alt=\"Chingois1\" \/><\/a><\/figure>\n<p>Las actividades desarrolladas son: talleres de dibujo, kirigami, teatro donde los ni\u00f1os pueden\u00a0desarrollar su creatividad. Tambi\u00e9n llevamos proyecci\u00f3n de pel\u00edculas y cortometrajes que les ense\u00f1en a valorar el arte audiovisual. En una oportunidad realizamos la\u00a0visita al Museo Vicente Rasetto del Colegio Salesiano de Huancayo con los ni\u00f1os de Manzanares.<\/p>\n<figure><a href=\"http:\/\/blog.continental.edu.pe\/centro-cultural\/wp-content\/uploads\/sites\/5\/2014\/12\/3.jpg\" rel=\"attachment wp-att-302\"><img class=\"aligncenter\" src=\"http:\/\/blog.continental.edu.pe\/centro-cultural\/wp-content\/uploads\/sites\/5\/2014\/12\/3-300x158.jpg\" alt=\"3\" \/><\/a><\/figure>\n<p>Tambi\u00e9n est\u00e1 la marat\u00f3n de lectura, una din\u00e1mica de incentivo a este sano h\u00e1bito, en la que todos los asistentes con el libro en la mano comienzan la lectura en voz alta y al un\u00edsono. Se cuenta con 28 libros de cuentos del escritor Edgardo Rivera Mart\u00ednez, uno de los m\u00e1s importantes de nuestro pa\u00eds, un jaujino ilustre. Este libro fue ilustrado y publicado por la biblioteca Nacional de Argentina y contiene relatos como \u201cPimpiro\u201d, \u201cLa sombra olvidada\u201d. Los cuentos llegaron como parte de una donaci\u00f3n del autor a la responsable de este proyecto y del Centro Cultural Continental, Katerine Retamozo, a fin de que se realicen lecturas itinerantes. En esta actividad, podemos identificar aquellos ni\u00f1os que se divierten con la lectura.<\/p>\n<p>Hasta ahora tambi\u00e9n hemos contado con la presencia de la escritora huanca\u00edna Isabel C\u00f3rdova Rosas, qui\u00e9n don\u00f3 un libro a cada ni\u00f1o en Chongos Bajo. Un encuentro bastante especial.<\/p>\n<figure><a href=\"http:\/\/blog.continental.edu.pe\/centro-cultural\/wp-content\/uploads\/sites\/5\/2014\/12\/IMG_9240.jpg\" rel=\"attachment wp-att-309\"><img class=\"aligncenter\" src=\"http:\/\/blog.continental.edu.pe\/centro-cultural\/wp-content\/uploads\/sites\/5\/2014\/12\/IMG_9240-300x200.jpg\" alt=\"IMG_9240\" \/><\/a><\/figure>\n<p>De gran ayuda tambi\u00e9n es la participaci\u00f3n de artistas invitados, como Luy Tipismana, reconocido narrador oral que comparte sus historias con los ni\u00f1os y los hace viajar en su imaginaci\u00f3n. Tambi\u00e9n nos acompa\u00f1\u00f3 Sa\u00fal Soto (saxofonista), el grupo Huaytapallana de la UC, Cristian Franco D\u00e1vila (guitarrista), la compa\u00f1\u00eda de T\u00edteres el Molinete, que brinda su apoyo decidido al proyecto, la El Grupo D\u00fao Per\u00fa, Lourdes Ccanto, docente especialista en kirigami, entre otros artistas que colaboran de una forma desinteresada.<\/p>\n<figure><a href=\"http:\/\/blog.continental.edu.pe\/centro-cultural\/wp-content\/uploads\/sites\/5\/2014\/12\/WP_20141123_0041.jpg\" rel=\"attachment wp-att-315\"><img class=\"aligncenter\" src=\"http:\/\/blog.continental.edu.pe\/centro-cultural\/wp-content\/uploads\/sites\/5\/2014\/12\/WP_20141123_0041-300x186.jpg\" alt=\"WP_20141123_004\" \/><\/a><\/figure>\n<p>Tambi\u00e9n hay un lugar para la fotograf\u00eda. Tres fot\u00f3grafos reconocidos de la regi\u00f3n, Andr\u00e9s Mendoza, Jos\u00e9 Diaz Gonzales y Omar Sapaico, brindaron su trabajo para la exposici\u00f3n itinerante que llega a cada lugar visitado. En las primeras ediciones colabor\u00f3 el colectivo \u201cDesgaste\u201d con una exposici\u00f3n itinerante, ellos son una asociaci\u00f3n de j\u00f3venes fot\u00f3grafos.<\/p>\n<figure><a href=\"http:\/\/blog.continental.edu.pe\/centro-cultural\/wp-content\/uploads\/sites\/5\/2014\/12\/DSC05582.jpg\" rel=\"attachment wp-att-306\"><img class=\"aligncenter\" src=\"http:\/\/blog.continental.edu.pe\/centro-cultural\/wp-content\/uploads\/sites\/5\/2014\/12\/DSC05582-300x225.jpg\" alt=\"DSC05582\" \/><\/a><\/figure>\n<p><strong>Resultados<\/strong><\/p>\n<p>Al a\u00f1o de ejecuci\u00f3n del proyecto y despu\u00e9s de la ardua tarea de trabajar para el desarrollo social y cultural, Enciende Cultura es un proyecto gratificante, human\u00edstico, que ya puso sus huellas en los lugares que ha visitado. Aqu\u00ed se logran tres puntos importantes: difundir el arte y trabajo de artistas; movilizar las actividades culturales fuera de la ciudad; sensibilizar a la poblaci\u00f3n a trav\u00e9s del arte.<\/p>\n<figure><a href=\"http:\/\/blog.continental.edu.pe\/centro-cultural\/wp-content\/uploads\/sites\/5\/2014\/12\/P1280533.jpg\" rel=\"attachment wp-att-313\"><img class=\"aligncenter\" src=\"http:\/\/blog.continental.edu.pe\/centro-cultural\/wp-content\/uploads\/sites\/5\/2014\/12\/P1280533-238x300.jpg\" alt=\"P1280533\" \/><\/a><\/figure>\n<p><strong>Del nombre<\/strong><\/p>\n<p>El proyecto se llama Enciende Cultura porque busca encender la chispa de la cultura en los ni\u00f1os, j\u00f3venes y adultos de nuestra regi\u00f3n, porque todo ser humano es un ser cultural. Nunca sabemos si nuestro desinter\u00e9s por la cultura se debe a las tinieblas que nos rodean, pero estamos seguros que en cualquier momento, esa llama cultural se enciende otra vez para brillar con luz propia.<\/p>\n<p><strong>Chongos Bajo<\/strong><\/p>\n<p>La ejecuci\u00f3n del trabajo en el distrito de Chongos Bajo ha sido el m\u00e1s extenso hasta ahora, llevando <strong>14<\/strong> fechas de actividades. Obteniendo evaluaciones y mayor impacto.<\/p>\n<p><strong>Datos:<\/strong><\/p>\n<p><strong>&#8211; Han sido 49 ediciones de Enciende Cultura hasta la fecha, en 18 distritos del Valle como Viques, Chongos Bajo, Huamal\u00ed, Huachac, Manzanares, Cochas Chico, El Mantaro, San Pedro de Sa\u00f1o, Ahuac, Huayucachi, PucaPuquio(Pucar\u00e1), \u00a0y el Colegio Federico Villareal de Huancayo.<\/strong><\/p>\n<figure><a href=\"http:\/\/blog.continental.edu.pe\/centro-cultural\/wp-content\/uploads\/sites\/5\/2014\/12\/Selec-1.jpg\" rel=\"attachment wp-att-299\"><img class=\"aligncenter\" src=\"http:\/\/blog.continental.edu.pe\/centro-cultural\/wp-content\/uploads\/sites\/5\/2014\/12\/Selec-1-300x190.jpg\" alt=\"Selec 1\" \/><\/a><\/figure>\n<p><strong>-Alrededor de 1500 pobladores beneficiados.<\/strong><\/p>\n<figure><a href=\"http:\/\/blog.continental.edu.pe\/centro-cultural\/wp-content\/uploads\/sites\/5\/2014\/12\/para-blog.jpg\" rel=\"attachment wp-att-295\"><img class=\"aligncenter\" src=\"http:\/\/blog.continental.edu.pe\/centro-cultural\/wp-content\/uploads\/sites\/5\/2014\/12\/para-blog-300x215.jpg\" alt=\"OLYMPUS DIGITAL CAMERA\" \/><\/a><\/figure>\n<p><strong>-Son m\u00e1s de 35 de artistas y promotores culturales que nos acompa\u00f1aron en las diferentes presentaciones. <\/strong><\/p>\n<figure><a href=\"http:\/\/blog.continental.edu.pe\/centro-cultural\/wp-content\/uploads\/sites\/5\/2014\/12\/20141109_171845.jpg\" rel=\"attachment wp-att-304\"><img class=\"aligncenter\" src=\"http:\/\/blog.continental.edu.pe\/centro-cultural\/wp-content\/uploads\/sites\/5\/2014\/12\/20141109_171845-300x115.jpg\" alt=\"20141109_171845\" \/><\/a><\/figure>\n<p><strong>-Se han realizado 90 actividades culturales en los diversos lugares visitados.<\/strong><\/p>\n<figure><a href=\"http:\/\/blog.continental.edu.pe\/centro-cultural\/wp-content\/uploads\/sites\/5\/2014\/12\/Museo-Manzanares.jpg\" rel=\"attachment wp-att-293\"><img class=\"aligncenter\" src=\"http:\/\/blog.continental.edu.pe\/centro-cultural\/wp-content\/uploads\/sites\/5\/2014\/12\/Museo-Manzanares-168x300.jpg\" alt=\"Museo Manzanares\" \/><\/a><\/figure>\n<p><strong>-El 90% de asistentes a las actividades es poblaci\u00f3n infantil, entre los 5 y 10 a\u00f1os.<\/strong><\/p>\n<figure><a href=\"http:\/\/blog.continental.edu.pe\/centro-cultural\/wp-content\/uploads\/sites\/5\/2014\/12\/IMG_9236.jpg\" rel=\"attachment wp-att-308\"><img class=\"aligncenter\" src=\"http:\/\/blog.continental.edu.pe\/centro-cultural\/wp-content\/uploads\/sites\/5\/2014\/12\/IMG_9236-200x300.jpg\" alt=\"IMG_9236\" \/><\/a><\/figure>\n<p><strong>-El Centro Cultural de la Universidad Continental, de donde nace el proyecto, tiene m\u00e1s de siete\u00a0a\u00f1os de creado y se encuentra al servicio de la poblaci\u00f3n.<\/strong><\/p>\n<figure><a href=\"http:\/\/blog.continental.edu.pe\/centro-cultural\/wp-content\/uploads\/sites\/5\/2013\/11\/Kirigami-oficial-21.jpg\" rel=\"attachment wp-att-143\"><img class=\"aligncenter\" src=\"http:\/\/blog.continental.edu.pe\/centro-cultural\/wp-content\/uploads\/sites\/5\/2013\/11\/Kirigami-oficial-21-300x198.jpg\" alt=\"Kirigami-oficial-2\" \/><\/a><\/figure>\n<p><strong>-Del 100% de asistentes a las actividades, el 98% asegura que volver\u00eda a una siguiente actividad.<\/strong><\/p>\n<figure><a href=\"http:\/\/blog.continental.edu.pe\/centro-cultural\/wp-content\/uploads\/sites\/5\/2014\/12\/P1280506.jpg\" rel=\"attachment wp-att-312\"><img class=\"aligncenter\" src=\"http:\/\/blog.continental.edu.pe\/centro-cultural\/wp-content\/uploads\/sites\/5\/2014\/12\/P1280506-239x300.jpg\" alt=\"P1280506\" \/><\/a><\/figure>\n<p><strong>-Se ha ejecutado por 139\u00a0estudiantes universitarios de diversas carreras de la Universidad Continental como Administraci\u00f3n, Econom\u00eda, Psicolog\u00eda, Ing. Ambiental, Arquitectura, Contabilidad. Ellos realizan el proyecto como parte de proyecci\u00f3n social. <\/strong><\/p>\n<figure><a href=\"http:\/\/blog.continental.edu.pe\/centro-cultural\/wp-content\/uploads\/sites\/5\/2014\/12\/Enciende-Cultura.jpg\" rel=\"attachment wp-att-318\"><img class=\"aligncenter\" src=\"http:\/\/blog.continental.edu.pe\/centro-cultural\/wp-content\/uploads\/sites\/5\/2014\/12\/Enciende-Cultura-300x166.jpg\" alt=\"Enciende Cultura\" \/><\/a><\/figure>\n<p style=\"text-align: center\">Grupos: Educultura, Juventud Emprendedora e Imagine.<\/p>\n<p><strong>-Adem\u00e1s de sensibilizar a la poblaci\u00f3n, el trabajo y formaci\u00f3n de los universitarios que se adue\u00f1an del proyecto durante 3 meses se convierten en promotores culturales.\u00a0<\/strong><\/p>\n<figure><a href=\"http:\/\/blog.continental.edu.pe\/centro-cultural\/wp-content\/uploads\/sites\/5\/2014\/12\/Grupo-Zenobio-Dagha.jpg\" rel=\"attachment wp-att-324\"><img class=\"aligncenter\" src=\"http:\/\/blog.continental.edu.pe\/centro-cultural\/wp-content\/uploads\/sites\/5\/2014\/12\/Grupo-Zenobio-Dagha-300x200.jpg\" alt=\"Grupo Zenobio Dagha\" \/><\/a><\/figure>\n<p style=\"text-align: center\">Grupo Zenobio Dagha<\/p>\n<figure><a href=\"http:\/\/blog.continental.edu.pe\/centro-cultural\/wp-content\/uploads\/sites\/5\/2014\/12\/Grupo-ExpressArte.jpg\" rel=\"attachment wp-att-322\"><img class=\"aligncenter\" src=\"http:\/\/blog.continental.edu.pe\/centro-cultural\/wp-content\/uploads\/sites\/5\/2014\/12\/Grupo-ExpressArte-300x200.jpg\" alt=\"Grupo ExpressArte\" \/><\/a><\/figure>\n<p style=\"text-align: center\">Grupo ExpressArte<\/p>\n<figure><a href=\"http:\/\/blog.continental.edu.pe\/centro-cultural\/wp-content\/uploads\/sites\/5\/2014\/12\/Grupo-Nina-Sunkku.jpg\" rel=\"attachment wp-att-323\"><img class=\"aligncenter\" src=\"http:\/\/blog.continental.edu.pe\/centro-cultural\/wp-content\/uploads\/sites\/5\/2014\/12\/Grupo-Nina-Sunkku-300x193.jpg\" alt=\"Grupo Nina Sunkku\" \/><\/a><\/figure>\n<p style=\"text-align: center\">Grupo Nina Sunkku<\/p>\n<p>&nbsp;<\/p>\n","protected":false},"excerpt":{"rendered":"<p>Cada uno de los 28 distritos de Huancayo, tiene gran riqueza cultural acu\u00f1ada por el bagaje milenario de su historia. Aqu\u00ed abundan las expresiones art\u00edsticas como la artesan\u00eda, la danza, las fiestas, que son su patrimonio e identidad. Pero poco hay de esa vinculaci\u00f3n que debe existir entre los artistas pl\u00e1sticos, escritores y poetas, los [&hellip;]<\/p>\n","protected":false},"author":14,"featured_media":295,"comment_status":"open","ping_status":"open","sticky":false,"template":"","format":"standard","meta":[],"categories":[1],"tags":[],"_links":{"self":[{"href":"https:\/\/blog.continental.edu.pe\/centro-cultural\/wp-json\/wp\/v2\/posts\/284"}],"collection":[{"href":"https:\/\/blog.continental.edu.pe\/centro-cultural\/wp-json\/wp\/v2\/posts"}],"about":[{"href":"https:\/\/blog.continental.edu.pe\/centro-cultural\/wp-json\/wp\/v2\/types\/post"}],"author":[{"embeddable":true,"href":"https:\/\/blog.continental.edu.pe\/centro-cultural\/wp-json\/wp\/v2\/users\/14"}],"replies":[{"embeddable":true,"href":"https:\/\/blog.continental.edu.pe\/centro-cultural\/wp-json\/wp\/v2\/comments?post=284"}],"version-history":[{"count":14,"href":"https:\/\/blog.continental.edu.pe\/centro-cultural\/wp-json\/wp\/v2\/posts\/284\/revisions"}],"predecessor-version":[{"id":624,"href":"https:\/\/blog.continental.edu.pe\/centro-cultural\/wp-json\/wp\/v2\/posts\/284\/revisions\/624"}],"wp:featuredmedia":[{"embeddable":true,"href":"https:\/\/blog.continental.edu.pe\/centro-cultural\/wp-json\/wp\/v2\/media\/295"}],"wp:attachment":[{"href":"https:\/\/blog.continental.edu.pe\/centro-cultural\/wp-json\/wp\/v2\/media?parent=284"}],"wp:term":[{"taxonomy":"category","embeddable":true,"href":"https:\/\/blog.continental.edu.pe\/centro-cultural\/wp-json\/wp\/v2\/categories?post=284"},{"taxonomy":"post_tag","embeddable":true,"href":"https:\/\/blog.continental.edu.pe\/centro-cultural\/wp-json\/wp\/v2\/tags?post=284"}],"curies":[{"name":"wp","href":"https:\/\/api.w.org\/{rel}","templated":true}]}}