{"id":332,"date":"2015-01-30T21:54:58","date_gmt":"2015-01-30T21:54:58","guid":{"rendered":"http:\/\/blog.continental.edu.pe\/centro-cultural\/?p=332"},"modified":"2015-02-04T14:19:49","modified_gmt":"2015-02-04T14:19:49","slug":"conversatorio-sobre-literatura-y-memoria","status":"publish","type":"post","link":"https:\/\/blog.continental.edu.pe\/centro-cultural\/conversatorio-sobre-literatura-y-memoria\/","title":{"rendered":"Conversatorio sobre literatura y memoria"},"content":{"rendered":"<p>Conversatorio: \u00abOjos de pez abisal, una mirada hacia la memoria\u00bb<\/p>\n<p>Un libro de Ulises Guti\u00e9rrez<\/p>\n<figure><a href=\"http:\/\/blog.continental.edu.pe\/centro-cultural\/wp-content\/uploads\/sites\/5\/2015\/01\/pasta-libro-ojos-de-pez.jpg\" rel=\"attachment wp-att-333\"><img class=\"alignnone\" src=\"http:\/\/blog.continental.edu.pe\/centro-cultural\/wp-content\/uploads\/sites\/5\/2015\/01\/pasta-libro-ojos-de-pez-211x300.jpg\" alt=\"pasta libro ojos de pez\" \/><\/a><\/figure>\n<p>\u00ab\u2026Un lenguaje que a diferencia de otros no busca darle una respuesta al conflicto social mediante las acusaciones, las intrigas, las malas lecturas, sino m\u00e1s bien diseminar, como las ra\u00edces de un \u00e1rbol, la responsabilidad que nos corresponde a todos nosotros de cara al ma\u00f1ana\u201d.<\/p>\n<p><strong>Sobre <em>Ojos de pez Abisal<\/em><\/strong><\/p>\n<p><strong>F\u00e9lix Terrones, El Hablador<\/strong><\/p>\n<p>Participan en el conversatorio:<\/p>\n<p>-Ulises Guti\u00e9rrez (escritor)<br \/>\n-Sabino Blancas (Ex coordinador CMAN)<br \/>\n-Giannina Sovero (psic\u00f3loga)<br \/>\n-Jorge Salcedo (soci\u00f3logo)<\/p>\n<p>Viernes 06 feb \/6 p.m.\u00a0 \/ Sala de audiencias UC<br \/>\nAv. San Carlos N\u00b0 1980 -Ingreso Libre<\/p>\n","protected":false},"excerpt":{"rendered":"<p>Conversatorio: \u00abOjos de pez abisal, una mirada hacia la memoria\u00bb Un libro de Ulises Guti\u00e9rrez \u00ab\u2026Un lenguaje que a diferencia de otros no busca darle una respuesta al conflicto social mediante las acusaciones, las intrigas, las malas lecturas, sino m\u00e1s bien diseminar, como las ra\u00edces de un \u00e1rbol, la responsabilidad que nos corresponde a todos [&hellip;]<\/p>\n","protected":false},"author":14,"featured_media":335,"comment_status":"open","ping_status":"open","sticky":false,"template":"","format":"standard","meta":[],"categories":[1],"tags":[],"_links":{"self":[{"href":"https:\/\/blog.continental.edu.pe\/centro-cultural\/wp-json\/wp\/v2\/posts\/332"}],"collection":[{"href":"https:\/\/blog.continental.edu.pe\/centro-cultural\/wp-json\/wp\/v2\/posts"}],"about":[{"href":"https:\/\/blog.continental.edu.pe\/centro-cultural\/wp-json\/wp\/v2\/types\/post"}],"author":[{"embeddable":true,"href":"https:\/\/blog.continental.edu.pe\/centro-cultural\/wp-json\/wp\/v2\/users\/14"}],"replies":[{"embeddable":true,"href":"https:\/\/blog.continental.edu.pe\/centro-cultural\/wp-json\/wp\/v2\/comments?post=332"}],"version-history":[{"count":2,"href":"https:\/\/blog.continental.edu.pe\/centro-cultural\/wp-json\/wp\/v2\/posts\/332\/revisions"}],"predecessor-version":[{"id":336,"href":"https:\/\/blog.continental.edu.pe\/centro-cultural\/wp-json\/wp\/v2\/posts\/332\/revisions\/336"}],"wp:featuredmedia":[{"embeddable":true,"href":"https:\/\/blog.continental.edu.pe\/centro-cultural\/wp-json\/wp\/v2\/media\/335"}],"wp:attachment":[{"href":"https:\/\/blog.continental.edu.pe\/centro-cultural\/wp-json\/wp\/v2\/media?parent=332"}],"wp:term":[{"taxonomy":"category","embeddable":true,"href":"https:\/\/blog.continental.edu.pe\/centro-cultural\/wp-json\/wp\/v2\/categories?post=332"},{"taxonomy":"post_tag","embeddable":true,"href":"https:\/\/blog.continental.edu.pe\/centro-cultural\/wp-json\/wp\/v2\/tags?post=332"}],"curies":[{"name":"wp","href":"https:\/\/api.w.org\/{rel}","templated":true}]}}