{"id":355,"date":"2015-03-05T14:22:52","date_gmt":"2015-03-05T14:22:52","guid":{"rendered":"http:\/\/blog.continental.edu.pe\/centro-cultural\/?p=355"},"modified":"2015-03-09T15:39:07","modified_gmt":"2015-03-09T15:39:07","slug":"ciclo-de-cine-la-mujer-en-el-oriente","status":"publish","type":"post","link":"https:\/\/blog.continental.edu.pe\/centro-cultural\/ciclo-de-cine-la-mujer-en-el-oriente\/","title":{"rendered":"Por el D\u00eda Internacional de la Mujer: Ciclo de cine \u00abLa Mujer en Oriente\u00bb"},"content":{"rendered":"<p style=\"text-align: center\">\u00bfTe imaginas una sociedad donde la mujer no pueda ser libre y elegir?<\/p>\n<p style=\"text-align: center\">En este ciclo del Club de cine Continental, hablaremos sobre la mujer, sus derechos analizados desde la sociedad de Oriente, en tres pel\u00edculas que nos dar\u00e1n una visi\u00f3n y reflexi\u00f3n del papel de la mujer en la sociedad.<\/p>\n<p style=\"text-align: center\">Coorganiza: C\u00edrculo Debate Feminista \u201cMar\u00eda Jes\u00fas Alvarado\u201d.<\/p>\n<p style=\"text-align: center\"><a href=\"http:\/\/blog.continental.edu.pe\/centro-cultural\/wp-content\/uploads\/sites\/5\/2015\/03\/Logo-feminista.jpg\" rel=\"attachment wp-att-356\"><img class=\"alignnone\" src=\"http:\/\/blog.continental.edu.pe\/centro-cultural\/wp-content\/uploads\/sites\/5\/2015\/03\/Logo-feminista-300x136.jpg\" alt=\"Logo feminista\" \/><\/a><\/p>\n<hr \/>\n<p><strong>Jueves 12 \/ 6:30 p.m.<\/strong><\/p>\n<p><strong>Pers\u00e9polis (Francia, 2007, 95 min.)<\/strong><\/p>\n<p>De Marjane Satrapi y Vincent Paronnaud<\/p>\n<figure><a href=\"http:\/\/blog.continental.edu.pe\/centro-cultural\/wp-content\/uploads\/sites\/5\/2015\/03\/Pers_polis-701715841-large.jpg\" rel=\"attachment wp-att-357\"><img class=\"alignnone\" src=\"http:\/\/blog.continental.edu.pe\/centro-cultural\/wp-content\/uploads\/sites\/5\/2015\/03\/Pers_polis-701715841-large-225x300.jpg\" alt=\"Pers_polis-701715841-large\" \/><\/a><\/figure>\n<p>Una ni\u00f1a iran\u00ed desde la revoluci\u00f3n isl\u00e1mica hasta nuestros d\u00edas. Cuando los fundamentalistas toman el poder, forzando a las mujeres a llevar velo y encarcelando a miles de personas, y mientras tiene lugar la guerra entre Irak e Ir\u00e1n, Marjane descubre el punk, ABBA y Iron Maiden. Cuando llega a la adolescencia sus padres la env\u00edan a Europa, donde conoce otra cultura que nada tiene que ver con la de su pa\u00eds. La protagonista se adapta bien a su nueva vida, pero no soporta la soledad y vuelve con su familia, aunque eso signifique ponerse el velo y someterse a una sociedad tir\u00e1nica. Voces originales en franc\u00e9s de Catherine Deneuve y Chiara Mastroianni.<\/p>\n<p><strong>Lugar: Sala de audiencias UC \/ Av. San Carlos N\u00b0 1980 \/ Ingreso libre<br \/>\n<\/strong><\/p>\n<hr \/>\n<p><strong>Jueves 19 \/ 11 a.m.<\/strong><\/p>\n<p><strong> La bicicleta verde \u00abWadjda\u00bb (Arabia Saud\u00ed, 2012, 98 min.)<\/strong><\/p>\n<p>De Haifaa Al-Mansour<\/p>\n<figure><a href=\"http:\/\/blog.continental.edu.pe\/centro-cultural\/wp-content\/uploads\/sites\/5\/2015\/03\/Wadja.jpg\" rel=\"attachment wp-att-358\"><img class=\"alignnone\" src=\"http:\/\/blog.continental.edu.pe\/centro-cultural\/wp-content\/uploads\/sites\/5\/2015\/03\/Wadja-208x300.jpg\" alt=\"Wadja\" \/><\/a><\/figure>\n<p>La pel\u00edcula se basa en la vida de una sobrina de la directora. Wadjda tiene diez a\u00f1os y vive en una sociedad tan tradicional que ciertas cosas como ir en bicicleta le est\u00e1n totalmente prohibidas. A pesar de todo, es una ni\u00f1a divertida y emprendedora que bordea siempre el l\u00edmite entre lo autorizado y lo prohibido. Wadjda desea tener una bicicleta para poder competir con su amigo Abdullah en una carrera, pero su madre no se lo permite porque las bicicletas son un peligro para la dignidad de una chica.<\/p>\n<p><strong>Lugar: Sala de audiencias UC \/ Av. San Carlos N\u00b0 1980\/ Ingreso Libre<br \/>\n<\/strong><\/p>\n<hr \/>\n<p><strong>Jueves 26 \/ 6:30 p.m.<\/strong><\/p>\n<p><strong>A las cinco de la tarde (Ir\u00e1n, 2003, 106 min.)<\/strong><\/p>\n<p>De Samira Makhmalbaf<\/p>\n<figure><a href=\"http:\/\/blog.continental.edu.pe\/centro-cultural\/wp-content\/uploads\/sites\/5\/2015\/03\/alas5delatarde.jpg\" rel=\"attachment wp-att-359\"><img class=\"alignnone\" src=\"http:\/\/blog.continental.edu.pe\/centro-cultural\/wp-content\/uploads\/sites\/5\/2015\/03\/alas5delatarde-209x300.jpg\" alt=\"alas5delatarde\" \/><\/a><\/figure>\n<p>Tras la ca\u00edda del r\u00e9gimen talib\u00e1n en Afganist\u00e1n, se reabrieron las escuelas para las mujeres. Una de ellas pretende dedicarse a la pol\u00edtica e incluso llegar a ser alg\u00fan d\u00eda presidenta de la Rep\u00fablica. Pero el burka, las tradiciones y el r\u00e9gimen machista siguen profundamente anclados en la vida social del pa\u00eds.<\/p>\n<p><strong>Lugar: Sala de audiencias UC \/ Av. San Carlos N\u00b0 1980 \/ Ingreso Libre<br \/>\n<\/strong><\/p>\n","protected":false},"excerpt":{"rendered":"<p>\u00bfTe imaginas una sociedad donde la mujer no pueda ser libre y elegir? En este ciclo del Club de cine Continental, hablaremos sobre la mujer, sus derechos analizados desde la sociedad de Oriente, en tres pel\u00edculas que nos dar\u00e1n una visi\u00f3n y reflexi\u00f3n del papel de la mujer en la sociedad. Coorganiza: C\u00edrculo Debate Feminista [&hellip;]<\/p>\n","protected":false},"author":14,"featured_media":384,"comment_status":"open","ping_status":"open","sticky":false,"template":"","format":"standard","meta":[],"categories":[2,1],"tags":[],"_links":{"self":[{"href":"https:\/\/blog.continental.edu.pe\/centro-cultural\/wp-json\/wp\/v2\/posts\/355"}],"collection":[{"href":"https:\/\/blog.continental.edu.pe\/centro-cultural\/wp-json\/wp\/v2\/posts"}],"about":[{"href":"https:\/\/blog.continental.edu.pe\/centro-cultural\/wp-json\/wp\/v2\/types\/post"}],"author":[{"embeddable":true,"href":"https:\/\/blog.continental.edu.pe\/centro-cultural\/wp-json\/wp\/v2\/users\/14"}],"replies":[{"embeddable":true,"href":"https:\/\/blog.continental.edu.pe\/centro-cultural\/wp-json\/wp\/v2\/comments?post=355"}],"version-history":[{"count":5,"href":"https:\/\/blog.continental.edu.pe\/centro-cultural\/wp-json\/wp\/v2\/posts\/355\/revisions"}],"predecessor-version":[{"id":385,"href":"https:\/\/blog.continental.edu.pe\/centro-cultural\/wp-json\/wp\/v2\/posts\/355\/revisions\/385"}],"wp:featuredmedia":[{"embeddable":true,"href":"https:\/\/blog.continental.edu.pe\/centro-cultural\/wp-json\/wp\/v2\/media\/384"}],"wp:attachment":[{"href":"https:\/\/blog.continental.edu.pe\/centro-cultural\/wp-json\/wp\/v2\/media?parent=355"}],"wp:term":[{"taxonomy":"category","embeddable":true,"href":"https:\/\/blog.continental.edu.pe\/centro-cultural\/wp-json\/wp\/v2\/categories?post=355"},{"taxonomy":"post_tag","embeddable":true,"href":"https:\/\/blog.continental.edu.pe\/centro-cultural\/wp-json\/wp\/v2\/tags?post=355"}],"curies":[{"name":"wp","href":"https:\/\/api.w.org\/{rel}","templated":true}]}}