{"id":405,"date":"2015-08-07T18:46:04","date_gmt":"2015-08-07T18:46:04","guid":{"rendered":"http:\/\/blog.continental.edu.pe\/centro-cultural\/?p=405"},"modified":"2015-08-12T14:38:18","modified_gmt":"2015-08-12T14:38:18","slug":"ciclo-de-conferencias-por-los-290-anos-del-convento-de-ocopa-del-10-al-14-de-agosto","status":"publish","type":"post","link":"https:\/\/blog.continental.edu.pe\/centro-cultural\/ciclo-de-conferencias-por-los-290-anos-del-convento-de-ocopa-del-10-al-14-de-agosto\/","title":{"rendered":"Del 10 al 14 de agosto: Ciclo de conferencias por los 290 a\u00f1os del Convento de Santa Rosa de Ocopa &#8211; Jun\u00edn"},"content":{"rendered":"<p>El Convento Santa Rosa de Ocopa fue fundado en <a title=\"1725\" href=\"https:\/\/es.wikipedia.org\/wiki\/1725\">1725<\/a> por fray Francisco Jim\u00e9nez de San Jos\u00e9\u00a0cuyo\u00a0principal objetivo fue la evangelizaci\u00f3n hacia la selva de la religi\u00f3n cat\u00f3lica. Este a\u00f1o cumple 290 a\u00f1os de fundaci\u00f3n, motivo principal para que el presb\u00edtero Franciscano\u00a0Jorge Cajo Rodr\u00edguez, guardi\u00e1n del Convento organizara un importante encuentro acad\u00e9mico y cultural en un ciclo de conferencias titulado \u00abOcopa, 290 a\u00f1os Religi\u00f3n, Ciencia y Cultura\u00bb del 10 al 14 de agosto, debido a todo el conocimiento y significado hist\u00f3rico que alberga el Convento.<\/p>\n<figure><a href=\"http:\/\/blog.continental.edu.pe\/centro-cultural\/wp-content\/uploads\/sites\/5\/2015\/08\/OCOPA.jpg\" rel=\"attachment wp-att-406\"><img class=\" aligncenter\" src=\"http:\/\/blog.continental.edu.pe\/centro-cultural\/wp-content\/uploads\/sites\/5\/2015\/08\/OCOPA-200x300.jpg\" alt=\"OCOPA\" \/><\/a><\/figure>\n<p>La conferencias se realizar\u00e1n en Lima, Huancayo y el mismo Convento de Ocopa y contar\u00e1n con reconocidos intelectuales e investigadores peruanos y extranjeros (Espa\u00f1a, Estados Unidos) que utilizaron como fuente de sus investigaciones a la biblioteca del Convento. Todas las conferencias son de ingreso libre y abiertas al p\u00fablico en general.<\/p>\n<p style=\"text-align: center\"><strong>Programa\u00a0de conferencias<\/strong><\/p>\n<p style=\"text-align: center\">Lunes 10 de agosto\/\u00a06 pm. \u2013 9 pm.<\/p>\n<p style=\"text-align: center\"><a href=\"http:\/\/blog.continental.edu.pe\/centro-cultural\/wp-content\/uploads\/sites\/5\/2015\/08\/Chema.jpg\" rel=\"attachment wp-att-409\"><img class=\"alignnone\" src=\"http:\/\/blog.continental.edu.pe\/centro-cultural\/wp-content\/uploads\/sites\/5\/2015\/08\/Chema-300x225.jpg\" alt=\"Chema\" \/><\/a><\/p>\n<p style=\"text-align: center\">-Conferencia: \u201cLos franciscanos y los ash\u00e1ninkas\u201d por\u00a0\u00a0Jos\u00e9 Mar\u00eda \u201cChema\u201d Salcedo [Per\u00fa]<\/p>\n<p style=\"text-align: center\">-Conferencia: \u00abOcopa: religi\u00f3n, ciencia y cultura: Historia y Cartograf\u00eda\u00bb por\u00a0\u00a0Cameron Jones [EEUU]\u00a0&#8211; \u00a0Carme Montaner\u00a0[Espa\u00f1a]<\/p>\n<p style=\"text-align: center\">Lugar:\u00a0Auditorio del Colegio San Antonio de Padua. Jes\u00fas Mar\u00eda &#8211;\u00a0Lima<\/p>\n<p style=\"text-align: center\"><strong>Mi\u00e9rcoles 12 de agosto \/ 4 pm-7pm<\/strong><\/p>\n<p style=\"text-align: center\"><a href=\"http:\/\/blog.continental.edu.pe\/centro-cultural\/wp-content\/uploads\/sites\/5\/2015\/08\/Sandro.jpg\" rel=\"attachment wp-att-410\"><img class=\"alignnone\" src=\"http:\/\/blog.continental.edu.pe\/centro-cultural\/wp-content\/uploads\/sites\/5\/2015\/08\/Sandro-300x300.jpg\" alt=\"Sandro\" \/><\/a><\/p>\n<p style=\"text-align: center\"><strong>-Conferencia:\u00a0<\/strong>\u00abLa filosof\u00eda en la biblioteca del Convento de Ocopa\u00bb por Sandro D\u2019Onofrio [Per\u00fa]<\/p>\n<p style=\"text-align: center\"><a href=\"http:\/\/blog.continental.edu.pe\/centro-cultural\/wp-content\/uploads\/sites\/5\/2015\/08\/Teodoro.jpg\" rel=\"attachment wp-att-411\"><img class=\"alignnone\" src=\"http:\/\/blog.continental.edu.pe\/centro-cultural\/wp-content\/uploads\/sites\/5\/2015\/08\/Teodoro-300x213.jpg\" alt=\"Teodoro\" \/><\/a><\/p>\n<p style=\"text-align: center\"><strong>-Conferencia:\u00a0<\/strong>\u201cLas misiones de Ocopa y el conocimiento geogr\u00e1fico de la Amazon\u00eda\u201d por Teodoro Hampe Mart\u00ednez<\/p>\n<p style=\"text-align: center\">Lugar: Auditorio del Instituto\u00a0Continental. Calle Real N\u00b0 125 -Huancayo.<\/p>\n<p style=\"text-align: center\"><strong>Jueves 13 agosto\u00a0\/ 4pm-7pm<\/strong><\/p>\n<p style=\"text-align: center\"><strong>-Conferencia:\u00a0<\/strong>\u201cFragmentos de una historia inconclusa y controvertida: Misioneros franciscanos e ind\u00edgenas en la amazon\u00eda central peruana\u201dpor Tom\u00e1s Mart\u00edn de la Orden Franciscana Mundial<\/p>\n<p style=\"text-align: center\"><strong>-Conferencia: <\/strong>\u201cLos misioneros de Ocopa, la rebeli\u00f3n de Juan Santos Atahualpa, y el car\u00e1cter evolutivo del gobierno borb\u00f3nico en Per\u00fa durante primer mitad de siglo XVIII\u201d por Cameron Jones [EEUU]<\/p>\n<p style=\"text-align: center\">Lugar: Convento de Santa Rosa de Ocopa<\/p>\n<p style=\"text-align: center\"><strong>Vienes 14 de agosto\u00a0\/ 4pm-7pm<\/strong><\/p>\n<p style=\"text-align: center\"><strong>-Conferencia: <\/strong>\u00abLa Academia limensis y el Convento de Ocopa: una aproximaci\u00f3n filos\u00f3fica\u201d por Milko Pretell Garc\u00eda.<\/p>\n<p style=\"text-align: center\"><strong>-Conferencia: <\/strong>\u00abLa contribuci\u00f3n de los mapas de los franciscanos de Ocopa al conocimiento de la Amazon\u00eda peruana de la segunda mitad del siglo XVIII\u00bb por Carme Montaner [ESPA\u00d1A] .<\/p>\n<p style=\"text-align: center\">Lugar: Convento de Santa Rosa de Ocopa<\/p>\n<p style=\"text-align: center\"><strong>Ingreso libre\u00a0<\/strong><\/p>\n","protected":false},"excerpt":{"rendered":"<p>El Convento Santa Rosa de Ocopa fue fundado en 1725 por fray Francisco Jim\u00e9nez de San Jos\u00e9\u00a0cuyo\u00a0principal objetivo fue la evangelizaci\u00f3n hacia la selva de la religi\u00f3n cat\u00f3lica. Este a\u00f1o cumple 290 a\u00f1os de fundaci\u00f3n, motivo principal para que el presb\u00edtero Franciscano\u00a0Jorge Cajo Rodr\u00edguez, guardi\u00e1n del Convento organizara un importante encuentro acad\u00e9mico y cultural en [&hellip;]<\/p>\n","protected":false},"author":14,"featured_media":406,"comment_status":"open","ping_status":"open","sticky":false,"template":"","format":"standard","meta":[],"categories":[1],"tags":[],"_links":{"self":[{"href":"https:\/\/blog.continental.edu.pe\/centro-cultural\/wp-json\/wp\/v2\/posts\/405"}],"collection":[{"href":"https:\/\/blog.continental.edu.pe\/centro-cultural\/wp-json\/wp\/v2\/posts"}],"about":[{"href":"https:\/\/blog.continental.edu.pe\/centro-cultural\/wp-json\/wp\/v2\/types\/post"}],"author":[{"embeddable":true,"href":"https:\/\/blog.continental.edu.pe\/centro-cultural\/wp-json\/wp\/v2\/users\/14"}],"replies":[{"embeddable":true,"href":"https:\/\/blog.continental.edu.pe\/centro-cultural\/wp-json\/wp\/v2\/comments?post=405"}],"version-history":[{"count":9,"href":"https:\/\/blog.continental.edu.pe\/centro-cultural\/wp-json\/wp\/v2\/posts\/405\/revisions"}],"predecessor-version":[{"id":432,"href":"https:\/\/blog.continental.edu.pe\/centro-cultural\/wp-json\/wp\/v2\/posts\/405\/revisions\/432"}],"wp:featuredmedia":[{"embeddable":true,"href":"https:\/\/blog.continental.edu.pe\/centro-cultural\/wp-json\/wp\/v2\/media\/406"}],"wp:attachment":[{"href":"https:\/\/blog.continental.edu.pe\/centro-cultural\/wp-json\/wp\/v2\/media?parent=405"}],"wp:term":[{"taxonomy":"category","embeddable":true,"href":"https:\/\/blog.continental.edu.pe\/centro-cultural\/wp-json\/wp\/v2\/categories?post=405"},{"taxonomy":"post_tag","embeddable":true,"href":"https:\/\/blog.continental.edu.pe\/centro-cultural\/wp-json\/wp\/v2\/tags?post=405"}],"curies":[{"name":"wp","href":"https:\/\/api.w.org\/{rel}","templated":true}]}}