{"id":444,"date":"2015-09-11T17:50:40","date_gmt":"2015-09-11T17:50:40","guid":{"rendered":"http:\/\/blog.continental.edu.pe\/centro-cultural\/?p=444"},"modified":"2015-09-24T15:14:41","modified_gmt":"2015-09-24T15:14:41","slug":"ii-ciclo-de-cine-argentino","status":"publish","type":"post","link":"https:\/\/blog.continental.edu.pe\/centro-cultural\/ii-ciclo-de-cine-argentino\/","title":{"rendered":"II CICLO DE CINE ARGENTINO &#8211; CINE DE AUTOR"},"content":{"rendered":"<figure><img loading=\"lazy\" class=\" alignleft\" src=\"http:\/\/blog.continental.edu.pe\/centro-cultural\/wp-content\/uploads\/sites\/5\/2015\/09\/Logo-embajada-argentina1-226x300.jpg\" alt=\"Logo embajada argentina\" width=\"123\" height=\"163\" \/>\u00a0 \u00a0 \u00a0 \u00a0 \u00a0 \u00a0 \u00a0 \u00a0 \u00a0 \u00a0 \u00a0 \u00a0 \u00a0 \u00a0 \u00a0 \u00a0 \u00a0 \u00a0 \u00a0 \u00a0 \u00a0 \u00a0 \u00a0 \u00a0 \u00a0 \u00a0 \u00a0 \u00a0 \u00a0 \u00a0 \u00a0 \u00a0 \u00a0 \u00a0 \u00a0 \u00a0 \u00a0 \u00a0 \u00a0 \u00a0 \u00a0 \u00a0 \u00a0 \u00a0 \u00a0 \u00a0 \u00a0 \u00a0 \u00a0 \u00a0 \u00a0 \u00a0 \u00a0 \u00a0 \u00a0 \u00a0 \u00a0 \u00a0 \u00a0<a href=\"http:\/\/blog.continental.edu.pe\/centro-cultural\/wp-content\/uploads\/sites\/5\/2015\/09\/VIVE_TU_PROPOSITO-1.jpg\" rel=\"attachment wp-att-460\"><img loading=\"lazy\" class=\" alignright\" src=\"http:\/\/blog.continental.edu.pe\/centro-cultural\/wp-content\/uploads\/sites\/5\/2015\/09\/VIVE_TU_PROPOSITO-1.jpg\" alt=\"VIVE_TU_PROPOSITO (1)\" width=\"158\" height=\"57\" \/><\/a><\/figure>\n<p>&nbsp;<\/p>\n<p>&nbsp;<\/p>\n<p>&nbsp;<\/p>\n<p>&nbsp;<\/p>\n<p>En setiembre la Embajada de la Rep\u00fablica Argentina en Per\u00fa, el Centro Cultural y la Carrera de Ciencias y Tecnolog\u00edas de la Comunicaci\u00f3n de la Universidad Continental presentan el II Ciclo de Cine Argentino, con una selecci\u00f3n de 7 pel\u00edculas de \u00abcine de autor\u00bb que se proyectar\u00e1n para el p\u00fablico en general donde el ingreso es libre en Av. San Carlos N\u00b0 1980. La programaci\u00f3n es\u00a0la siguiente:<\/p>\n<p>14 set.\u00a07 p.m. .Anfiteatro &#8211; Pabell\u00f3n G &#8211; 101<\/p>\n<p><strong>La tercera orilla<\/strong><\/p>\n<figure><img class=\" alignleft\" src=\"http:\/\/blog.continental.edu.pe\/centro-cultural\/wp-content\/uploads\/sites\/5\/2015\/09\/La-tercera-orilla-300x169.jpg\" alt=\"La tercera orilla\" \/><\/figure>\n<p>A\u00f1o 2014 \/ Direcci\u00f3n: Celina Murga \/ Duraci\u00f3n 93 min \/ Gui\u00f3n: Celina Murga, Gabriel Medina \/ Actores: Daniel Veronese, Alain Devetac, Dylan Agostini, Gaby Ferrero.<\/p>\n<p>Es la historia de Nicol\u00e1s, un adolescente de 17 a\u00f1os que vive en una peque\u00f1a ciudad en Argentina. Su situaci\u00f3n familiar es muy particular. Su padre, Jorge, un m\u00e9dico influyente de la zona, mantiene dos vidas paralelas. Una es la que comparte con su familia oficialmente reconocida. La otra es la que sostiene con una segunda mujer.<\/p>\n<p><strong>Premios:\u00a0<\/strong>2014: Festival de Berl\u00edn: Secci\u00f3n oficial largometrajes a concurso.\u00a02014: Festival de San Sebasti\u00e1n: Secci\u00f3n oficial (Horizontes latinos).\u00a02014: Festival de La Habana: Selecci\u00f3n oficial largometrajes a concurso<\/p>\n<p>&#8212;<\/p>\n<p style=\"text-align: right\">15 set.\u00a02 p.m. Sala de audiencias. Pabell\u00f3n E &#8211; 101<\/p>\n<p style=\"text-align: right\"><strong>El \u00faltimo Elvis<\/strong><\/p>\n<figure><a href=\"http:\/\/blog.continental.edu.pe\/centro-cultural\/wp-content\/uploads\/sites\/5\/2015\/09\/el-\u00faltimo-Elvis.jpg\" rel=\"attachment wp-att-449\"><img class=\" alignright\" src=\"http:\/\/blog.continental.edu.pe\/centro-cultural\/wp-content\/uploads\/sites\/5\/2015\/09\/el-\u00faltimo-Elvis-300x199.jpg\" alt=\"el \u00faltimo Elvis\" \/><\/a><\/figure>\n<p>A\u00f1o 2012 \/ Direcci\u00f3n: Armando Bo, hijo \/ Duraci\u00f3n 92 min \/ Actores: John McInerny, Griselda Siciliani, Margarita L\u00f3pez.<\/p>\n<p>Carlos Guti\u00e9rrez (Elvis) es un cantante separado que tiene una peque\u00f1a hija llamada Lisa Marie a la que no ve muy seguido. Siempre vivi\u00f3 su vida como si fuese la reencarnaci\u00f3n de Elvis Presley, negando a Carlos y su realidad. Pero est\u00e1 a punto de cumplir los a\u00f1os que su \u00eddolo ten\u00eda al morir y su futuro se muestra vac\u00edo. Una situaci\u00f3n inesperada lo obliga a hacerse cargo de su hija. En esos d\u00edas, Carlos logra conocerse como padre y Lisa Marie aprende a aceptarlo tal cual es. Pero el destino le presenta una decisi\u00f3n dif\u00edcil.<\/p>\n<p><strong>Premios:\u00a0<\/strong>2012: Festival de Sundance: Secci\u00f3n oficial a concurso largometrajes internacionales.\u00a02012: Festival de San Sebasti\u00e1n (Secci\u00f3n Horizontes Latinos) Mejor pel\u00edcula.<\/p>\n<p>&#8212;<\/p>\n<p>21 \u00a0set.\u00a07 p.m. \u2013 Pab. E &#8211; 101<\/p>\n<p><strong>Orillas<\/strong><\/p>\n<figure><a href=\"http:\/\/blog.continental.edu.pe\/centro-cultural\/wp-content\/uploads\/sites\/5\/2015\/09\/Orillas.jpg\" rel=\"attachment wp-att-451\"><img class=\" alignleft\" src=\"http:\/\/blog.continental.edu.pe\/centro-cultural\/wp-content\/uploads\/sites\/5\/2015\/09\/Orillas-300x201.jpg\" alt=\"Orillas\" \/><\/a><\/figure>\n<p>A\u00f1o 2011 \/ Direcci\u00f3n: Pablo C\u00e9sar \/ Duraci\u00f3n 96 min \/ Actores: Javier Lombardo, Nicol\u00e1s Condito, Daniel Valenzuela, Esteban D\u00edaz, Dalma Maradona, Bruno S\u00e1nchez, Carole Lokossou, Ilias Akala, Eliane Chagas (Ben\u00edn).<\/p>\n<p>Shantas es un joven ladr\u00f3n, pero Julio, el sacerdote Umbanda del barrio, lo ha se\u00f1alado como un ser invencible e inmortal. Shantas es un joven cuyo pasado est\u00e1 vinculado al \u00c1frica. Su piel mestiza y su fascinaci\u00f3n por el Umbanda, una religi\u00f3n sincr\u00e9tica producto del choque entre el animismo y el cristianismo, dan cuenta de sus m\u00e1s profundos or\u00edgenes.<\/p>\n<p>&nbsp;<\/p>\n<p style=\"text-align: right\">&#8212;<\/p>\n<p style=\"text-align: right\">22 \u00a0set.\u00a02 p.m. Pabell\u00f3n E &#8211; 101<\/p>\n<p style=\"text-align: right\"><strong>Ciencias Naturales<\/strong><\/p>\n<figure><a href=\"http:\/\/blog.continental.edu.pe\/centro-cultural\/wp-content\/uploads\/sites\/5\/2015\/09\/ciencias-naturales.jpg\" rel=\"attachment wp-att-445\"><img class=\" alignright\" src=\"http:\/\/blog.continental.edu.pe\/centro-cultural\/wp-content\/uploads\/sites\/5\/2015\/09\/ciencias-naturales-300x158.jpg\" alt=\"A018_C011_0101AT\" \/><\/a><\/figure>\n<p>A\u00f1o 2014 \/ Direcci\u00f3n: Mat\u00edas Luchessi \/ Duraci\u00f3n 72 min \/ Actores: Paula Galinelli Hertzog, Paola Barrientos, Sergio Boris.<\/p>\n<p>Lila, de 12 a\u00f1os, siente la necesidad de conocer a su padre y est\u00e1 dispuesta a cualquier cosa para encontrarlo. Lila pasa sus d\u00edas en una escuela rural alejada de todo. La hostilidad del invierno, sus pocos recursos y la lejan\u00eda hacen que ese deseo se vuelva inalcanzable, hasta que decide escapar. Su maestra la descubre pero decide ayudarla. Juntas emprenden un viaje que cambiar\u00e1 sus vidas.<\/p>\n<p><strong>Premios :\u00a0<\/strong>2014: Premio del jurado del Festival de Cine de Berl\u00edn .\u00a02014: Festival de San Sebasti\u00e1n: Secci\u00f3n oficial (Horizontes latinos).<\/p>\n<p>&#8212;<\/p>\n<p>28 set.\u00a07 p.m. Pabell\u00f3n G &#8211; 101 (Anfiteatro)<\/p>\n<p><strong>D\u00edas de pesca<\/strong><\/p>\n<figure><a href=\"http:\/\/blog.continental.edu.pe\/centro-cultural\/wp-content\/uploads\/sites\/5\/2015\/09\/D\u00edas-de-pesca.jpg\" rel=\"attachment wp-att-448\"><img class=\" alignleft\" src=\"http:\/\/blog.continental.edu.pe\/centro-cultural\/wp-content\/uploads\/sites\/5\/2015\/09\/D\u00edas-de-pesca-300x170.jpg\" alt=\"D\u00edas de pesca\" \/><\/a><\/figure>\n<p>A\u00f1o 2012 \/ Direcci\u00f3n: Carlos Sor\u00edn \/ Duraci\u00f3n 80 min \/ Actores: Alejandro Awada, Victoria Almeida, Oscar Ayala.<\/p>\n<p>Marco es un viajante de comercio de 52 a\u00f1os, alcoh\u00f3lico, que decide cambiar despu\u00e9s de una \u00a0internaci\u00f3n para desintoxicarse. Como parte del tratamiento, le sugieren que elija un hobby, y \u00e9l se decide por la pesca. As\u00ed viaja a la Patagonia en la temporada de pesca del tibur\u00f3n, pero tambi\u00e9n va en busca de Ana, su hija, de quien no supo nada durante a\u00f1os.<\/p>\n<p><strong>Premios:\u00a0<\/strong>2012: Festival de San Sebasti\u00e1n: Secci\u00f3n oficial a concurso.\u00a02012: Festival de La Habana: Premio especial del jurado<\/p>\n<p>&#8212;<\/p>\n<p style=\"text-align: right\">30\u00a0set.\u00a07:30 p.m. Pabell\u00f3n E 101<\/p>\n<p style=\"text-align: right\"><strong>Ciudad en celo<\/strong><\/p>\n<figure><a href=\"http:\/\/blog.continental.edu.pe\/centro-cultural\/wp-content\/uploads\/sites\/5\/2015\/09\/Ciudad-en-celo.jpg\" rel=\"attachment wp-att-446\"><img class=\" alignright\" src=\"http:\/\/blog.continental.edu.pe\/centro-cultural\/wp-content\/uploads\/sites\/5\/2015\/09\/Ciudad-en-celo-300x225.jpg\" alt=\"Ciudad en celo\" \/><\/a><\/figure>\n<p>A\u00f1o 2007 \/ Direcci\u00f3n: Hern\u00e1n Gaffet \/ Duraci\u00f3n 104 min \/ Actores: Daniel Kuzniecka, Adri\u00e1n Navarro, Dolores Sol\u00e1, Nuria Gago, Viviana Saccone.<\/p>\n<p>En un bar de Buenos Aires se reunen a diario un grupo de amigos que rondan los 40 a\u00f1os, todos solos y sin ninguna relaci\u00f3n sentimental profunda o estable. Conscientes de que si quieren compartir su vejez con alguien a quien amen deben ocuparse del tema y comenzar a hacerle caso m\u00e1s a sus sentimientos.<\/p>\n<p><strong>Premios:\u00a0<\/strong>2006: Seminci de Valladolid &#8211; Seminci: Mejor director novel.\u00a02007: Festival de Mar del Plata: Selecci\u00f3n oficial largometrajes a concurso<\/p>\n<p>&#8212;<\/p>\n<p><strong>ANIMACI\u00d3N<\/strong><\/p>\n<p>12 oct.\u00a0Auditorio de la Municipalidad Chongos Bajo (en el marco del proyecto Enciende Cultura)<\/p>\n<p><strong>Rodencia y el diente de la princesa<\/strong><\/p>\n<figure><img class=\"alignnone\" src=\"http:\/\/blog.continental.edu.pe\/centro-cultural\/wp-content\/uploads\/sites\/5\/2015\/09\/Rodencia-300x127.jpg\" alt=\"Rodencia\" \/><\/figure>\n<p>A\u00f1o 2012 \/ Direcci\u00f3n David Bisbano<\/p>\n<p>Edan es un ratoncito aprendiz de mago cuyas inseguridades no le permiten realizar sus trucos. Un buen d\u00eda se embarca en un viaje junto a sus amigos a buscar el diente de la princesa, antes de que el villano Dotox lo obtenga y domine la m\u00e1gica ciudad de Rodencia.<\/p>\n<p style=\"text-align: right\"><strong>Cuentos de la selva<\/strong><\/p>\n<figure><a href=\"http:\/\/blog.continental.edu.pe\/centro-cultural\/wp-content\/uploads\/sites\/5\/2015\/09\/Cuentos-de-la-selva.jpg\" rel=\"attachment wp-att-447\"><img class=\" alignright\" src=\"http:\/\/blog.continental.edu.pe\/centro-cultural\/wp-content\/uploads\/sites\/5\/2015\/09\/Cuentos-de-la-selva-300x169.jpg\" alt=\"Cuentos de la selva\" \/><\/a><\/figure>\n<p>A\u00f1o 2012 \u00a0\/ Direcci\u00f3n Norman Ruiz y Liliana Guerrero<\/p>\n<p>El padre de Tomy, el se\u00f1or OOncade, trabaja para el se\u00f1or Davius, un millonario que quiere destruir la selva. El Yaguaret\u00e9 (un animal local) advierte a los dem\u00e1s del peligro por venir, pero nadie le cree. Poco a poco los animales se dan cuenta que solo luchando juntos podr\u00e1n ganar.<\/p>\n<p style=\"text-align: center\"><strong>\u00a0Ingreso libre <\/strong><\/p>\n","protected":false},"excerpt":{"rendered":"<p>\u00a0 \u00a0 \u00a0 \u00a0 \u00a0 \u00a0 \u00a0 \u00a0 \u00a0 \u00a0 \u00a0 \u00a0 \u00a0 \u00a0 \u00a0 \u00a0 \u00a0 \u00a0 \u00a0 \u00a0 \u00a0 \u00a0 \u00a0 \u00a0 \u00a0 \u00a0 \u00a0 \u00a0 \u00a0 \u00a0 \u00a0 \u00a0 \u00a0 \u00a0 \u00a0 \u00a0 \u00a0 \u00a0 \u00a0 \u00a0 \u00a0 \u00a0 \u00a0 \u00a0 \u00a0 \u00a0 \u00a0 \u00a0 \u00a0 \u00a0 \u00a0 \u00a0 \u00a0 \u00a0 \u00a0 [&hellip;]<\/p>\n","protected":false},"author":14,"featured_media":481,"comment_status":"open","ping_status":"open","sticky":false,"template":"","format":"standard","meta":[],"categories":[1],"tags":[],"_links":{"self":[{"href":"https:\/\/blog.continental.edu.pe\/centro-cultural\/wp-json\/wp\/v2\/posts\/444"}],"collection":[{"href":"https:\/\/blog.continental.edu.pe\/centro-cultural\/wp-json\/wp\/v2\/posts"}],"about":[{"href":"https:\/\/blog.continental.edu.pe\/centro-cultural\/wp-json\/wp\/v2\/types\/post"}],"author":[{"embeddable":true,"href":"https:\/\/blog.continental.edu.pe\/centro-cultural\/wp-json\/wp\/v2\/users\/14"}],"replies":[{"embeddable":true,"href":"https:\/\/blog.continental.edu.pe\/centro-cultural\/wp-json\/wp\/v2\/comments?post=444"}],"version-history":[{"count":17,"href":"https:\/\/blog.continental.edu.pe\/centro-cultural\/wp-json\/wp\/v2\/posts\/444\/revisions"}],"predecessor-version":[{"id":485,"href":"https:\/\/blog.continental.edu.pe\/centro-cultural\/wp-json\/wp\/v2\/posts\/444\/revisions\/485"}],"wp:featuredmedia":[{"embeddable":true,"href":"https:\/\/blog.continental.edu.pe\/centro-cultural\/wp-json\/wp\/v2\/media\/481"}],"wp:attachment":[{"href":"https:\/\/blog.continental.edu.pe\/centro-cultural\/wp-json\/wp\/v2\/media?parent=444"}],"wp:term":[{"taxonomy":"category","embeddable":true,"href":"https:\/\/blog.continental.edu.pe\/centro-cultural\/wp-json\/wp\/v2\/categories?post=444"},{"taxonomy":"post_tag","embeddable":true,"href":"https:\/\/blog.continental.edu.pe\/centro-cultural\/wp-json\/wp\/v2\/tags?post=444"}],"curies":[{"name":"wp","href":"https:\/\/api.w.org\/{rel}","templated":true}]}}