{"id":807,"date":"2016-11-04T23:51:13","date_gmt":"2016-11-04T23:51:13","guid":{"rendered":"http:\/\/blog.continental.edu.pe\/centro-cultural\/?p=807"},"modified":"2016-11-07T15:37:03","modified_gmt":"2016-11-07T15:37:03","slug":"novena-muestra-de-cine-y-psicoanalisis-en-el-centro-cultural-de-la-uc","status":"publish","type":"post","link":"https:\/\/blog.continental.edu.pe\/centro-cultural\/novena-muestra-de-cine-y-psicoanalisis-en-el-centro-cultural-de-la-uc\/","title":{"rendered":"Novena Muestra de Cine y Psicoan\u00e1lisis en el Centro Cultural de la UC"},"content":{"rendered":"<p>Por noveno a\u00f1o consecutivo la Sociedad Peruana de Psicoan\u00e1lisis y la Filmoteca de la Pontificia Universidad Cat\u00f3lica del Per\u00fa realizan la muestra de Cine y Psicoan\u00e1lisis con sedes en todo el Per\u00fa. En esta edici\u00f3n se titula \u00abTantas vidas, la vida\u00bb.<\/p>\n<figure><a href=\"http:\/\/blog.continental.edu.pe\/centro-cultural\/wp-content\/uploads\/sites\/5\/2016\/11\/9na-MUESTRA-DE-CINE_CARATULA-1.jpg\"><img loading=\"lazy\" class=\"aligncenter\" src=\"http:\/\/blog.continental.edu.pe\/centro-cultural\/wp-content\/uploads\/sites\/5\/2016\/11\/9na-MUESTRA-DE-CINE_CARATULA-1-269x300.jpg\" alt=\"9na-muestra-de-cine_caratula-1\" width=\"287\" height=\"320\" \/><\/a><\/figure>\n<p>No hay dos vidas iguales y, sin embargo, todas se parecen en lo fundamental. Movidos por\u00a0 los impulsos y necesidades que emanan del hecho mismo de estar vivos, constre\u00f1idos por las circunstancias que nos rodean, debemos transitar desde nuestra indefensi\u00f3n de reci\u00e9n nacidos hasta el alivio final de la muerte. En el camino, cada cual a su modo y seg\u00fan sus posibilidades, hace lo mejor que puede con lo que le toc\u00f3 en suerte.<\/p>\n<p>La novena muestra de cine y psicoan\u00e1lisis explora muchas vidas representadas en el cine de ficci\u00f3n y no ficci\u00f3n con la intenci\u00f3n de reflexionar con el p\u00fablico acerca de ellas.\u00a0Es as\u00ed que el Centro Cultural de la UC es sede de esta importante muestra y tendr\u00e1 f\u00f3rums en cada sesi\u00f3n que estar\u00e1 a cargo de Henry Flores y el c\u00edrculo de psicoan\u00e1lisis de esta casa de estudios. \u00a0Las pel\u00edculas se mostrar\u00e1n las fechas 08, 09, 10, 15,16 y 17 de noviembre, el programa es como sigue:<\/p>\n<p><strong>Martes 8 \/ Nov \u00a0\/ 7:30 p.m. \u00a0\u00a0\u00a0\u00a0\u00a0\u00a0\u00a0\u00a0\u00a0\u00a0\u00a0\u00a0\u00a0\u00a0\u00a0\u00a0\u00a0\u00a0\u00a0\u00a0\u00a0\u00a0\u00a0\u00a0\u00a0\u00a0 <\/strong><\/p>\n<p><strong>SED DE VIVIR \u2013 LUST FOR LIFE \u00a0<a href=\"https:\/\/www.youtube.com\/watch?v=2Z3xHMNHQUs\" target=\"_blank\">[Tr\u00e1iler]<\/a><\/strong><\/p>\n<p>EE UU, 1956 \/ Ficci\u00f3n \/ Color \/ Digital \/ 122 min.<\/p>\n<figure><a href=\"http:\/\/blog.continental.edu.pe\/centro-cultural\/wp-content\/uploads\/sites\/5\/2016\/11\/Lust-for-life-01.jpg\"><img loading=\"lazy\" class=\"alignnone\" src=\"http:\/\/blog.continental.edu.pe\/centro-cultural\/wp-content\/uploads\/sites\/5\/2016\/11\/Lust-for-life-01-222x300.jpg\" alt=\"lust-for-life-01\" width=\"231\" height=\"312\" \/><\/a><\/figure>\n<p>Director: Vincente Minnelli. Int\u00e9rpretes: Kirk Douglas, Anthony Quinn, James Donald, Pamela Brown, Everett Sloane. Premio Oscar a mejor actor secundario (Quinn). C\u00edrculo de Cr\u00edticos de Nueva York a mejor actor (Douglas)<\/p>\n<p>Un retrato de la figura de Vincent van Gogh que toma como base la biograf\u00eda escrita por Irving Stone. Una introspecci\u00f3n en la desgarrada personalidad del pintor, tanto en la dimensi\u00f3n est\u00e9tica como an\u00edmica. Un filme brillante en su resoluci\u00f3n y profundo en su emotividad.<\/p>\n<p><em>Forum: Henry Flores \u00a0(C.C. Universidad Continental de Huancayo)<\/em><\/p>\n<p><strong>\u00a0<\/strong><\/p>\n<p><strong>Mi\u00e9rcoles 9 \/ Nov 11:00 a.m. \u00a0\u00a0\u00a0 <\/strong><\/p>\n<p><strong>AMY (LA CHICA DETR\u00c1S DEL NOMBRE) &#8211; AMY\u00a0<a href=\"https:\/\/www.youtube.com\/watch?v=_2yCIwmNuLE\" target=\"_blank\">[Tr\u00e1iler]<\/a><\/strong><\/p>\n<p>Reino Unido, 2015 \/ Documental \/ Color \/ Digital \/ 128 min.<\/p>\n<figure><a href=\"http:\/\/blog.continental.edu.pe\/centro-cultural\/wp-content\/uploads\/sites\/5\/2016\/11\/Amy.jpg\"><img loading=\"lazy\" class=\"alignnone\" src=\"http:\/\/blog.continental.edu.pe\/centro-cultural\/wp-content\/uploads\/sites\/5\/2016\/11\/Amy-209x300.jpg\" alt=\"amy\" width=\"251\" height=\"360\" \/><\/a><\/figure>\n<p>Director: Asif Kapadia. Reparto: <em>Amy Winehouse,\u00a0Mitchell y Janis Winehouse,\u00a0Blake Fielder,\u00a0Salaam Remi,\u00a0Nick Shymanksy. <\/em>Premios: Oscar a mejor documental. Festival de Cannes: Secci\u00f3n oficial largometrajes (fuera de concurso). Premios BAFTA, del Cine Europeo y del National Board Review (NBR) a mejor documental.<\/p>\n<p>Documental que relata la vida, exitosa carrera y temprana desaparici\u00f3n de la talentosa cantante y compositora brit\u00e1nica Amy Winehouse.<\/p>\n<p><em>Forum: C\u00edrculo de Psicoan\u00e1lisis (CC Universidad Continental de Huancayo. Mi\u00e9rcoles 9, 11:00 a.m.)<\/em><\/p>\n<p><em>Forum: Mariana Yglesias y Jennifer Levy (SPP.\u00a0 Viernes\u00a0 18: 1 p.m.)<\/em><\/p>\n<p>&nbsp;<\/p>\n<p><em>\u00a0<\/em><strong>Jueves 10 \/ Nov 11:00 a.m.<\/strong><\/p>\n<p><strong>FOXCATCHER\u00a0<a href=\"https:\/\/www.youtube.com\/watch?v=DO8d9SyCgnc\" target=\"_blank\">[Tr\u00e1iler]<\/a><\/strong><\/p>\n<figure><a href=\"http:\/\/blog.continental.edu.pe\/centro-cultural\/wp-content\/uploads\/sites\/5\/2016\/11\/foxcatcher-002.jpg\"><img loading=\"lazy\" class=\"alignnone\" src=\"http:\/\/blog.continental.edu.pe\/centro-cultural\/wp-content\/uploads\/sites\/5\/2016\/11\/foxcatcher-002-221x300.jpg\" alt=\"foxcatcher-002\" width=\"243\" height=\"330\" \/><\/a><\/figure>\n<p>EE UU, 2014 \/ Ficci\u00f3n \/ Color \/ Digital \/ 130 min.<\/p>\n<p>Director: Bennett Miller. Int\u00e9rpretes: Channing Tatum, Steve Carell, Mark Ruffalo, Sienna Miller, Vanessa Redgrave. Premios: Palma de Oro a mejor director en el Festival de Cannes. Cinco nominaciones al Oscar y tres a los Globos de Oro.<\/p>\n<p>Basada en hechos reales, la pel\u00edcula narra la relaci\u00f3n entre el medallista ol\u00edmpico de lucha grecorromana Mark Schultz y el millonario John Dupont quien le ofrece los medios para formar un equipo ganador en esta especialidad.<\/p>\n<p><em>Forum: C\u00edrculo de Psicoan\u00e1lisis (CC Universidad Continental de Huancayo. Jueves 10, 11:00 a.m.)<\/em><\/p>\n<p>&nbsp;<\/p>\n<p><em>\u00a0<\/em><strong>Martes 15 \/ Nov 7:30 p.m. \u00a0\u00a0\u00a0\u00a0\u00a0\u00a0\u00a0\u00a0\u00a0\u00a0\u00a0\u00a0\u00a0\u00a0\u00a0\u00a0\u00a0\u00a0\u00a0\u00a0\u00a0\u00a0\u00a0\u00a0 <\/strong><\/p>\n<p><strong>DOS HIJOS DE FRANCISCO \u2013 2 FILHOS DE FRANCISCO\u00a0<a href=\"https:\/\/www.youtube.com\/watch?v=ZGG5DqPGZfY\" target=\"_blank\">[Tr\u00e1iler]<\/a><\/strong><\/p>\n<p>Brasil, 2005 \/ Ficci\u00f3n \/ Color \/ Digital \/ 115 min.<\/p>\n<figure><a href=\"http:\/\/blog.continental.edu.pe\/centro-cultural\/wp-content\/uploads\/sites\/5\/2016\/11\/2_filhos_de_francisco-445507454-large.jpg\"><img loading=\"lazy\" class=\"alignnone\" src=\"http:\/\/blog.continental.edu.pe\/centro-cultural\/wp-content\/uploads\/sites\/5\/2016\/11\/2_filhos_de_francisco-445507454-large-202x300.jpg\" alt=\"2_filhos_de_francisco-445507454-large\" width=\"267\" height=\"396\" \/><\/a><\/figure>\n<p>Director: Breno Silveira. Int\u00e9rpretes: Angelo Ant\u00f4nio, Dira Paes, M\u00e1rcio Kieling, Thiago Mendon\u00e7a, Paloma Duarte. Premio del P\u00fablico en el Festival de la Habana. Premios del cine brasilero a mejor actor (Ant\u00f4nio), actor y actriz de reparto (Domont y Duarte)<\/p>\n<p>En un \u00e1rea rural estado de Goi\u00e1s, Brasil, viven en la pobreza Francisco, su mujer y sus muchos hijos.\u00a0 Obsesinado con la m\u00fasica, el padre est\u00e1 decidido a que los dos mayores se conviertan en m\u00fasicos famosos.<\/p>\n<p><em>Forum: C\u00edrculo de Psicoan\u00e1lisis (CC Universidad Continental de Huancayo.\u00a0 Martes 15, 7:30 p.m.)<\/em><\/p>\n<p><em>Forum:\u00a0 Patricia Le\u00f3n. (CCPUCP. Viernes 18, 6:00 p.m.)<\/em><\/p>\n<p><em>Forum: Ilse Rehder y Vivian Schwartzman. (Alianza Francesa Iquitos. Viernes 18, 7:00 p.m.)<\/em><\/p>\n<p>&nbsp;<\/p>\n<p><strong>Mi\u00e9rcoles 16 \/ Nov 6:15\u00a0 p.m. \u00a0 <\/strong><\/p>\n<p><strong>LAS LINDAS\u00a0<a href=\"https:\/\/www.youtube.com\/watch?v=rHMwHBuon0o\" target=\"_blank\">[Tr\u00e1iler]<\/a><\/strong><\/p>\n<p>Argentina, 2016 \/ Documental \/ Color \/ Digital \/ 77 min.<\/p>\n<figure><a href=\"http:\/\/blog.continental.edu.pe\/centro-cultural\/wp-content\/uploads\/sites\/5\/2016\/11\/Las-lindas-Melisa-Liebenthal.jpg\"><img loading=\"lazy\" class=\"alignnone\" src=\"http:\/\/blog.continental.edu.pe\/centro-cultural\/wp-content\/uploads\/sites\/5\/2016\/11\/Las-lindas-Melisa-Liebenthal-212x300.jpg\" alt=\"las-lindas-melisa-liebenthal\" width=\"262\" height=\"371\" \/><\/a><\/figure>\n<p>Directora: Melisa Liebenthal. Con: Melisa Liebenthal, Victgoria D\u2019Amuri, Camila Magliano, Sofia Mele, Josefina Roveta. Premios: ganadora de la secci\u00f3n Bright Future, en el Festival de Rotterdam.<\/p>\n<p>A partir de su experiencia personal y de hablar con sus amigas de toda la vida, Melisa se pregunta sobre los mandatos y prohibiciones que moldean la construcci\u00f3n cultural del g\u00e9nero femenino, especialmente en relaci\u00f3n con la imagen.<\/p>\n<p><em>Forum: Vivian Schwartzman y Marga Stahr. (CCPUCP.\u00a0 Martes 15, 6:00 p.m.)<\/em><\/p>\n<p><em>Forum: C\u00edrculo de Psicoan\u00e1lisis (CC Universidad Continental de Huancayo. Mi\u00e9rcoles 16, 6:15 p.m.)<\/em><\/p>\n<p><em>\u00a0<\/em><\/p>\n<p><strong>Jueves 17 \/ Nov 6:15\u00a0 p.m. \u00a0\u00a0\u00a0\u00a0\u00a0\u00a0\u00a0\u00a0 <\/strong><\/p>\n<p><strong>SUFRAGISTAS &#8211; SUFFRAGETTES\u00a0<a href=\"https:\/\/www.youtube.com\/watch?v=CygzNwBDJCE\" target=\"_blank\">[Tr\u00e1iler]<\/a><\/strong><\/p>\n<figure><a href=\"http:\/\/blog.continental.edu.pe\/centro-cultural\/wp-content\/uploads\/sites\/5\/2016\/11\/Sufragistas.jpg\"><img loading=\"lazy\" class=\"alignnone\" src=\"http:\/\/blog.continental.edu.pe\/centro-cultural\/wp-content\/uploads\/sites\/5\/2016\/11\/Sufragistas-208x300.jpg\" alt=\"sufragistas\" width=\"267\" height=\"385\" \/><\/a><\/figure>\n<p>Reino Unido, 2015 \/ Ficci\u00f3n \/ Color \/ Digital \/ 106 min.<\/p>\n<p>Director: Sarah Gavron. Int\u00e9rpretes: Carey Mulligan, Helena Bonham Carter, Anne-Marie Duff, Brendan Gleeson, Ben Whishaw. Nominada a mejor actriz (Mulligan) y gui\u00f3n original de los premios Satellite.<\/p>\n<p><em>\u00a0<\/em>El filme retrata c\u00f3mo la vida de un pu\u00f1ado de mujeres brit\u00e1nicas que se levant\u00f3 contra el poder patriarcal masculino para exigir su derecho al voto a principios del siglo XX.<\/p>\n<p><em>Forum: Pilar Gavilano y Elizabeth Haworth (CCPUC. \u00a0Jueves 17, 6: p.m.)<\/em><\/p>\n<p><em>Forum: C\u00edrculo de Psicoan\u00e1lisis de la Universidad Continental de Huancayo (CC Universidad Continental de Huancayo.\u00a0 Jueves 17, 6:15 p.m.)<\/em><\/p>\n<p><strong>Todas las proyecciones se realizan en el Pab. G 101, Anfiteatro del Campus UC, Av. San Carlos N\u00b0 1980, Huancayo.<\/strong><\/p>\n<p><strong>Ingreso libre <\/strong><\/p>\n<p>&nbsp;<\/p>\n<p>&nbsp;<\/p>\n<p>&nbsp;<\/p>\n","protected":false},"excerpt":{"rendered":"<p>Por noveno a\u00f1o consecutivo la Sociedad Peruana de Psicoan\u00e1lisis y la Filmoteca de la Pontificia Universidad Cat\u00f3lica del Per\u00fa realizan la muestra de Cine y Psicoan\u00e1lisis con sedes en todo el Per\u00fa. En esta edici\u00f3n se titula \u00abTantas vidas, la vida\u00bb. No hay dos vidas iguales y, sin embargo, todas se parecen en lo fundamental. [&hellip;]<\/p>\n","protected":false},"author":14,"featured_media":808,"comment_status":"open","ping_status":"open","sticky":false,"template":"","format":"standard","meta":[],"categories":[1],"tags":[],"_links":{"self":[{"href":"https:\/\/blog.continental.edu.pe\/centro-cultural\/wp-json\/wp\/v2\/posts\/807"}],"collection":[{"href":"https:\/\/blog.continental.edu.pe\/centro-cultural\/wp-json\/wp\/v2\/posts"}],"about":[{"href":"https:\/\/blog.continental.edu.pe\/centro-cultural\/wp-json\/wp\/v2\/types\/post"}],"author":[{"embeddable":true,"href":"https:\/\/blog.continental.edu.pe\/centro-cultural\/wp-json\/wp\/v2\/users\/14"}],"replies":[{"embeddable":true,"href":"https:\/\/blog.continental.edu.pe\/centro-cultural\/wp-json\/wp\/v2\/comments?post=807"}],"version-history":[{"count":4,"href":"https:\/\/blog.continental.edu.pe\/centro-cultural\/wp-json\/wp\/v2\/posts\/807\/revisions"}],"predecessor-version":[{"id":818,"href":"https:\/\/blog.continental.edu.pe\/centro-cultural\/wp-json\/wp\/v2\/posts\/807\/revisions\/818"}],"wp:featuredmedia":[{"embeddable":true,"href":"https:\/\/blog.continental.edu.pe\/centro-cultural\/wp-json\/wp\/v2\/media\/808"}],"wp:attachment":[{"href":"https:\/\/blog.continental.edu.pe\/centro-cultural\/wp-json\/wp\/v2\/media?parent=807"}],"wp:term":[{"taxonomy":"category","embeddable":true,"href":"https:\/\/blog.continental.edu.pe\/centro-cultural\/wp-json\/wp\/v2\/categories?post=807"},{"taxonomy":"post_tag","embeddable":true,"href":"https:\/\/blog.continental.edu.pe\/centro-cultural\/wp-json\/wp\/v2\/tags?post=807"}],"curies":[{"name":"wp","href":"https:\/\/api.w.org\/{rel}","templated":true}]}}