{"id":914,"date":"2017-06-08T10:26:04","date_gmt":"2017-06-08T15:26:04","guid":{"rendered":"http:\/\/blog.continental.edu.pe\/centro-cultural\/?p=914"},"modified":"2017-06-08T18:15:59","modified_gmt":"2017-06-08T23:15:59","slug":"presentacion-de-libro-la-iniciativa-probatoria-del-juez-racionalidad-de-la-prueba-del-oficio-de-luis-alfaro-velarde","status":"publish","type":"post","link":"https:\/\/blog.continental.edu.pe\/centro-cultural\/presentacion-de-libro-la-iniciativa-probatoria-del-juez-racionalidad-de-la-prueba-del-oficio-de-luis-alfaro-velarde\/","title":{"rendered":"Presentar\u00e1n libro \u00abLa Iniciativa Probatoria del Juez. Racionalidad de la Prueba de Oficio\u00bb de Luis Alfaro Valverde"},"content":{"rendered":"<p>Este libro analiza , de modo cr\u00edtico, el problema de las pruebas de oficio denominado por el autor como: Iniciativa probatoria del Juez. Contiene un estudio minucioso hist\u00f3rico, normativo y jurisprudencial siendo un gran aporte en el proceso civil peruano. Se pretende en la publicaci\u00f3n, una redefinici\u00f3n te\u00f3rica del modo como se ha estudiado a nivel nacional , adem\u00e1s se exponen razones para su mejor comprensi\u00f3n , espec\u00edficamente, se emplea el enfoque racionalista de la prueba sobre uno de los poderes probatorios del juez . Tambi\u00e9n algunos criterios para su adecuada utilizaci\u00f3n en primera y en segunda instancia.<\/p>\n<figure><a href=\"http:\/\/blog.continental.edu.pe\/centro-cultural\/wp-content\/uploads\/sites\/5\/2017\/06\/La-iniciativa.jpg\"><img class=\"aligncenter\" src=\"http:\/\/blog.continental.edu.pe\/centro-cultural\/wp-content\/uploads\/sites\/5\/2017\/06\/La-iniciativa-300x285.jpg\" alt=\"La iniciativa\" \/><\/a><\/figure>\n<p><strong>Del autor:<\/strong><\/p>\n<p>Luis Alfaro Valverde es profesor en\u00a0diversas universidades del Per\u00fa y en el Instituto Vasco de Derecho Procesal y la Universidad del Pa\u00eds Vasco &#8211; UPV\/EHU (Espa\u00f1a). Doctorando en el Programa de Doctorat en Dret, Economia i Empresa de la Universidad de Girona (Espa\u00f1a). M\u00e1ster en Derecho P\u00fablico, especialidad en Derecho Procesal por la Universidad Complutense de Madrid. Colaborador en Revistas Jur\u00eddicas de Per\u00fa y Espa\u00f1a (Diario La Ley, Wolters Kluwer). Ha sido Juez Especializado en lo Civil y Fiscal Provincial Civil Titular, ambos en el Distrito Judicial del Santa.<\/p>\n<p><strong>Comentar\u00e1n el libro\u00a0<\/strong><\/p>\n<p>-Abog. Ricardo Corrales Melgarejo<\/p>\n<div>\n<div>Presidente de la Sala Laboral Permanente de Huancayo. Miembro del Equipo de Trabajo para la Reforma del Proceso Civil por el Poder Judicial del Per\u00fa. Maestrista en Derecho Laboral en la UNMSM y en Derecho Civil y Comercial en la UPLA. Docente en la Universidad Peruana Los Andes.<\/div>\n<div><\/div>\n<div><\/div>\n<div><\/div>\n<div><\/div>\n<div>-Abog. Dante Torres Altez<\/div>\n<\/div>\n<div>Maestrista en Derecho con menci\u00f3n en Pol\u00edtica Jurisdiccional en la PUCP.\u00a0 Profesor en la Universidad Continental. Coordinador del Grupo de Investigaci\u00f3n: Proceso\u00a0&amp;\u00a0Argumentaci\u00f3n. Presidente de la Asociaci\u00f3n Civil de Investigaci\u00f3n Jur\u00eddica \u00abIn Aspera Veritas\u00bb.<\/div>\n<div><\/div>\n<div><\/div>\n<div><\/div>\n<div><\/div>\n<div><\/div>\n<div><strong>Datos de la presentaci\u00f3n:<\/strong><\/div>\n<div><\/div>\n<div><strong>Lunes 12 de junio \/ 6:30 p.m. \/ Anfiteatro UC (Pabell\u00f3n G 101)\/ Campus UC, Av. San Carlos N\u00b0 1980, Huancayo<\/strong><\/div>\n<div><strong>Ingreso libre.<\/strong><\/div>\n<div><strong>\u00a0<\/strong><\/div>\n","protected":false},"excerpt":{"rendered":"<p>Este libro analiza , de modo cr\u00edtico, el problema de las pruebas de oficio denominado por el autor como: Iniciativa probatoria del Juez. Contiene un estudio minucioso hist\u00f3rico, normativo y jurisprudencial siendo un gran aporte en el proceso civil peruano. Se pretende en la publicaci\u00f3n, una redefinici\u00f3n te\u00f3rica del modo como se ha estudiado a [&hellip;]<\/p>\n","protected":false},"author":14,"featured_media":926,"comment_status":"open","ping_status":"open","sticky":false,"template":"","format":"standard","meta":[],"categories":[1],"tags":[],"_links":{"self":[{"href":"https:\/\/blog.continental.edu.pe\/centro-cultural\/wp-json\/wp\/v2\/posts\/914"}],"collection":[{"href":"https:\/\/blog.continental.edu.pe\/centro-cultural\/wp-json\/wp\/v2\/posts"}],"about":[{"href":"https:\/\/blog.continental.edu.pe\/centro-cultural\/wp-json\/wp\/v2\/types\/post"}],"author":[{"embeddable":true,"href":"https:\/\/blog.continental.edu.pe\/centro-cultural\/wp-json\/wp\/v2\/users\/14"}],"replies":[{"embeddable":true,"href":"https:\/\/blog.continental.edu.pe\/centro-cultural\/wp-json\/wp\/v2\/comments?post=914"}],"version-history":[{"count":17,"href":"https:\/\/blog.continental.edu.pe\/centro-cultural\/wp-json\/wp\/v2\/posts\/914\/revisions"}],"predecessor-version":[{"id":933,"href":"https:\/\/blog.continental.edu.pe\/centro-cultural\/wp-json\/wp\/v2\/posts\/914\/revisions\/933"}],"wp:featuredmedia":[{"embeddable":true,"href":"https:\/\/blog.continental.edu.pe\/centro-cultural\/wp-json\/wp\/v2\/media\/926"}],"wp:attachment":[{"href":"https:\/\/blog.continental.edu.pe\/centro-cultural\/wp-json\/wp\/v2\/media?parent=914"}],"wp:term":[{"taxonomy":"category","embeddable":true,"href":"https:\/\/blog.continental.edu.pe\/centro-cultural\/wp-json\/wp\/v2\/categories?post=914"},{"taxonomy":"post_tag","embeddable":true,"href":"https:\/\/blog.continental.edu.pe\/centro-cultural\/wp-json\/wp\/v2\/tags?post=914"}],"curies":[{"name":"wp","href":"https:\/\/api.w.org\/{rel}","templated":true}]}}