{"id":944,"date":"2017-10-16T12:05:44","date_gmt":"2017-10-16T17:05:44","guid":{"rendered":"http:\/\/blog.continental.edu.pe\/centro-cultural\/?p=944"},"modified":"2017-10-31T13:06:33","modified_gmt":"2017-10-31T18:06:33","slug":"arte-digital-convocatoria-para-ilustradores-y-disenadores-graficos","status":"publish","type":"post","link":"https:\/\/blog.continental.edu.pe\/centro-cultural\/arte-digital-convocatoria-para-ilustradores-y-disenadores-graficos\/","title":{"rendered":"[ARTE DIGITAL] CONVOCATORIA PARA ILUSTRADORES Y DISE\u00d1ADORES GR\u00c1FICOS"},"content":{"rendered":"<figure><a href=\"http:\/\/blog.continental.edu.pe\/centro-cultural\/wp-content\/uploads\/sites\/5\/2017\/10\/DE_ACA_Y_DE_ALLA-01-1.jpg\"><img class=\"alignnone\" src=\"http:\/\/blog.continental.edu.pe\/centro-cultural\/wp-content\/uploads\/sites\/5\/2017\/10\/DE_ACA_Y_DE_ALLA-01-1-300x300.jpg\" alt=\"DE_ACA_Y_DE_ALLA-01\" \/><\/a><\/figure>\n<p>El Centro Cultural de la Universidad Continental, el a\u00f1o 2015, inici\u00f3 una tarea de dar a conocer el trabajo de dise\u00f1adores gr\u00e1ficos e ilustradores de la ciudad que desarrollan propuestas que mezclan al arte con la tecnolog\u00eda, la primera edici\u00f3n se realiz\u00f3 la muestra con Marko Capcha y Jos\u00e9 D\u00edaz. El a\u00f1o pasado se realiz\u00f3 la muestra donde participaron tres artistas gr\u00e1ficos: Lizeth Zambrano, Marco Villavicencio y Kevin Sotomayor (Lunatinsta).<\/p>\n<p>Este a\u00f1o, con el mismo compromiso convocamos a los dise\u00f1adores\/as gr\u00e1ficos\/as e ilustradores a participar de esta convocatoria que se abre el 12 de octubre y ser\u00e1 hasta el 06 de noviembre de 2017. Los interesados deben enviar su portafolio con 4 a 6 piezas propuestas para la exposici\u00f3n y un CV resumido al correo <a href=\"mailto:centrocultural@continental.edu.pe\">centrocultural@continental.edu.pe<\/a><\/p>\n<p>Ser\u00e1n tres seleccionados cuyas piezas gr\u00e1ficas ser\u00e1n expuestas en la Universidad Continental de Huancayo y los meses siguientes en Cusco y Arequipa.\u00a0La exposici\u00f3n ser\u00e1 inaugurada el 22 de noviembre.<\/p>\n<p>Requisito b\u00e1sico:<\/p>\n<p>-Participan artistas gr\u00e1ficos\/as peruanos\/as de las ciudades: Huancayo, Cusco y Arequipa.<\/p>\n","protected":false},"excerpt":{"rendered":"<p>El Centro Cultural de la Universidad Continental, el a\u00f1o 2015, inici\u00f3 una tarea de dar a conocer el trabajo de dise\u00f1adores gr\u00e1ficos e ilustradores de la ciudad que desarrollan propuestas que mezclan al arte con la tecnolog\u00eda, la primera edici\u00f3n se realiz\u00f3 la muestra con Marko Capcha y Jos\u00e9 D\u00edaz. El a\u00f1o pasado se realiz\u00f3 [&hellip;]<\/p>\n","protected":false},"author":14,"featured_media":947,"comment_status":"open","ping_status":"open","sticky":false,"template":"","format":"standard","meta":[],"categories":[1],"tags":[],"_links":{"self":[{"href":"https:\/\/blog.continental.edu.pe\/centro-cultural\/wp-json\/wp\/v2\/posts\/944"}],"collection":[{"href":"https:\/\/blog.continental.edu.pe\/centro-cultural\/wp-json\/wp\/v2\/posts"}],"about":[{"href":"https:\/\/blog.continental.edu.pe\/centro-cultural\/wp-json\/wp\/v2\/types\/post"}],"author":[{"embeddable":true,"href":"https:\/\/blog.continental.edu.pe\/centro-cultural\/wp-json\/wp\/v2\/users\/14"}],"replies":[{"embeddable":true,"href":"https:\/\/blog.continental.edu.pe\/centro-cultural\/wp-json\/wp\/v2\/comments?post=944"}],"version-history":[{"count":4,"href":"https:\/\/blog.continental.edu.pe\/centro-cultural\/wp-json\/wp\/v2\/posts\/944\/revisions"}],"predecessor-version":[{"id":978,"href":"https:\/\/blog.continental.edu.pe\/centro-cultural\/wp-json\/wp\/v2\/posts\/944\/revisions\/978"}],"wp:featuredmedia":[{"embeddable":true,"href":"https:\/\/blog.continental.edu.pe\/centro-cultural\/wp-json\/wp\/v2\/media\/947"}],"wp:attachment":[{"href":"https:\/\/blog.continental.edu.pe\/centro-cultural\/wp-json\/wp\/v2\/media?parent=944"}],"wp:term":[{"taxonomy":"category","embeddable":true,"href":"https:\/\/blog.continental.edu.pe\/centro-cultural\/wp-json\/wp\/v2\/categories?post=944"},{"taxonomy":"post_tag","embeddable":true,"href":"https:\/\/blog.continental.edu.pe\/centro-cultural\/wp-json\/wp\/v2\/tags?post=944"}],"curies":[{"name":"wp","href":"https:\/\/api.w.org\/{rel}","templated":true}]}}