{"id":195,"date":"2019-04-16T17:13:22","date_gmt":"2019-04-16T17:13:22","guid":{"rendered":"http:\/\/blog.continental.edu.pe\/fondoeditorial\/?p=195"},"modified":"2019-04-16T17:15:06","modified_gmt":"2019-04-16T17:15:06","slug":"proximo-lanzamiento-de-politicas-publicas-metodos-conceptuales-y-metodos-de-evaluacion","status":"publish","type":"post","link":"https:\/\/blog.continental.edu.pe\/fondoeditorial\/2019\/04\/16\/proximo-lanzamiento-de-politicas-publicas-metodos-conceptuales-y-metodos-de-evaluacion\/","title":{"rendered":"Pr\u00f3ximo lanzamiento de \u00abPol\u00edticas P\u00fablicas: M\u00e9todos conceptuales y M\u00e9todos de evaluaci\u00f3n\u00bb"},"content":{"rendered":"<figure><a href=\"http:\/\/blog.continental.edu.pe\/fondoeditorial\/wp-content\/uploads\/sites\/17\/2019\/04\/PORTADA_POLITICAS_PUBLICAS_ISBN.jpg\"><img class=\"alignleft\" src=\"http:\/\/blog.continental.edu.pe\/fondoeditorial\/wp-content\/uploads\/sites\/17\/2019\/04\/PORTADA_POLITICAS_PUBLICAS_ISBN-215x300.jpg\" \/><\/a><\/figure>\n<div>El Fondo Editorial de la Universidad Continental\u00a0 publicar\u00e1 en el mes de mayo la segunda edici\u00f3n del libro <em>Pol\u00edticas P\u00fablicas: M\u00e9todos conceptuales y m\u00e9todos de evaluaci\u00f3n <\/em>deEdgar Orteg\u00f3n, docente de la Universidad Continental y especialista en dise\u00f1o de pol\u00edticas p\u00fablicas<\/div>\n<div><\/div>\n<div>El\u00a0 texto es un repaso, lo m\u00e1s exhaustivo posible, de todos los m\u00e9todos de an\u00e1lisis de las pol\u00edticas p\u00fablicas y sus m\u00e9todos de evaluaci\u00f3n. El recuento\u00a0 privilegia una exposici\u00f3n simple y gr\u00e1fica para que sean lo m\u00e1s comprensible posibles. As\u00ed, el lector encontrar\u00e1 en los m\u00e9todos los argumentos que subyacen en la toma de decisiones y los marcos anal\u00edticos de pol\u00edtica p\u00fablica donde intervienen ideas, instituciones, intereses, informaci\u00f3n y poderes de toda \u00edndole.<\/div>\n<div><\/div>\n<div>Y es que la forma de encarar un problema p\u00fablico ha tenido como referentes el reduccionismo o el an\u00e1lisis como proceso de separaci\u00f3n o divisi\u00f3n que privilegia el fragmentar para conocer. La complejidad, por el contrario, es un llamado a la s\u00edntesis o integraci\u00f3n de conocimientos. Entremedio, se han desarrollado numerosas perspectivas dedicadas a analizar el dise\u00f1o, la implementaci\u00f3n y la evaluaci\u00f3n de la pol\u00edtica p\u00fablica.<\/div>\n<div><\/div>\n<div>Las distintas vertientes te\u00f3rico-metodol\u00f3gicas que en el libro se exponen son una invitaci\u00f3n al di\u00e1logo y al debate bajo la premisa de que los problemas p\u00fablicos deben ser constantemente analizados, redefinidos, renovados, reconstruidos y\u00a0 reinventados, a trav\u00e9s de la interacci\u00f3n y participaci\u00f3n activa de los actores.<\/div>\n<div><\/div>\n<div>Los interesados, podr\u00e1n adquirir la publicaci\u00f3n\u00a0\u00a0a partir del mes de mayo en cualquiera de las sedes de la Universidad Continental.<\/div>\n<p>&nbsp;<\/p>\n","protected":false},"excerpt":{"rendered":"<p>El Fondo Editorial de la Universidad Continental\u00a0 publicar\u00e1 en el mes de mayo la segunda edici\u00f3n del libro Pol\u00edticas P\u00fablicas: M\u00e9todos conceptuales y m\u00e9todos de evaluaci\u00f3n deEdgar Orteg\u00f3n, docente de la Universidad Continental y especialista en dise\u00f1o de pol\u00edticas p\u00fablicas El\u00a0 texto es un repaso, lo m\u00e1s exhaustivo posible, de todos los m\u00e9todos de an\u00e1lisis [&hellip;]<\/p>\n","protected":false},"author":50,"featured_media":196,"comment_status":"open","ping_status":"open","sticky":false,"template":"","format":"standard","meta":[],"categories":[9],"tags":[63,6,65,64],"_links":{"self":[{"href":"https:\/\/blog.continental.edu.pe\/fondoeditorial\/wp-json\/wp\/v2\/posts\/195"}],"collection":[{"href":"https:\/\/blog.continental.edu.pe\/fondoeditorial\/wp-json\/wp\/v2\/posts"}],"about":[{"href":"https:\/\/blog.continental.edu.pe\/fondoeditorial\/wp-json\/wp\/v2\/types\/post"}],"author":[{"embeddable":true,"href":"https:\/\/blog.continental.edu.pe\/fondoeditorial\/wp-json\/wp\/v2\/users\/50"}],"replies":[{"embeddable":true,"href":"https:\/\/blog.continental.edu.pe\/fondoeditorial\/wp-json\/wp\/v2\/comments?post=195"}],"version-history":[{"count":3,"href":"https:\/\/blog.continental.edu.pe\/fondoeditorial\/wp-json\/wp\/v2\/posts\/195\/revisions"}],"predecessor-version":[{"id":200,"href":"https:\/\/blog.continental.edu.pe\/fondoeditorial\/wp-json\/wp\/v2\/posts\/195\/revisions\/200"}],"wp:featuredmedia":[{"embeddable":true,"href":"https:\/\/blog.continental.edu.pe\/fondoeditorial\/wp-json\/wp\/v2\/media\/196"}],"wp:attachment":[{"href":"https:\/\/blog.continental.edu.pe\/fondoeditorial\/wp-json\/wp\/v2\/media?parent=195"}],"wp:term":[{"taxonomy":"category","embeddable":true,"href":"https:\/\/blog.continental.edu.pe\/fondoeditorial\/wp-json\/wp\/v2\/categories?post=195"},{"taxonomy":"post_tag","embeddable":true,"href":"https:\/\/blog.continental.edu.pe\/fondoeditorial\/wp-json\/wp\/v2\/tags?post=195"}],"curies":[{"name":"wp","href":"https:\/\/api.w.org\/{rel}","templated":true}]}}