{"id":283,"date":"2023-05-04T05:12:29","date_gmt":"2023-05-04T05:12:29","guid":{"rendered":"https:\/\/blog.continental.edu.pe\/fondoeditorial\/?p=283"},"modified":"2023-05-04T05:12:30","modified_gmt":"2023-05-04T05:12:30","slug":"salon-del-libro-universitario-peruano","status":"publish","type":"post","link":"https:\/\/blog.continental.edu.pe\/fondoeditorial\/2023\/05\/04\/salon-del-libro-universitario-peruano\/","title":{"rendered":"Sal\u00f3n del Libro Universitario Peruano"},"content":{"rendered":"\n<p>Nuestro Fondo Editorial estar\u00e1 presente en el <strong>Sal\u00f3n del Libro Universitario Peruano, <\/strong>organizado por el Ministerio de Cultura, la C\u00e1mara Peruana del Libro y las Editoriales Universitarias y Acad\u00e9micas del Per\u00fa (EU Per\u00fa).&nbsp; Este evento editorial busca visibilizar la labor editorial universitaria y la producci\u00f3n acad\u00e9mica en el Per\u00fa, as\u00ed como promover la comercializaci\u00f3n y el intercambio de modelos de gesti\u00f3n editorial entre las veinticinco instituciones participantes.<\/p>\n\n\n\n<p>Asimismo, en el marco de las actividades&nbsp; culturales y las jornadas acad\u00e9micas,&nbsp; en la inauguraci\u00f3n del evento, participar\u00e1 el elenco de danzas del campus Los Olivos, y nuestros docentes Ysabel Rosales y Franco Urbinadisertar\u00e1n sobre la transformaci\u00f3n digital en la educaci\u00f3n y sobre el uso de la t\u00e9cnica storyteller para contar historias, respectivamente.&nbsp;&nbsp;&nbsp;<\/p>\n\n\n\n<p>Te esperamos en el stand 19 del Fondo Editorial de la Universidad Continental, <strong>del mi\u00e9rcoles 3 al domingo 7 de mayo, de 1:00 a 9:00 p. m.,<\/strong> en el hall principal del Ministerio de Cultura (av. Javier Prado Este 2465, San Borja).<\/p>\n\n\n\n<p><strong>Participaci\u00f3n en actividades<\/strong><\/p>\n\n\n\n<p><strong>Mi\u00e9rcoles 3 de mayo, 12:00 m.<\/strong><\/p>\n\n\n\n<p>Presentaci\u00f3n del elenco de danzas&nbsp;<\/p>\n\n\n\n<p><strong>Mi\u00e9rcoles 3 de mayo, 7:00 p. m.&nbsp;<\/strong><\/p>\n\n\n\n<p>Conferencia \u201cDescubre el storyteller que hay en ti: Una gu\u00eda para\u00a0contar historias que cautiven\u201d<strong>\u00a0<\/strong><\/p>\n\n\n\n<p>Ponente: Franco Urbina<\/p>\n\n\n\n<p><strong>S\u00e1bado 6 de mayo, 7:00 p. m.<\/strong>&nbsp;<\/p>\n\n\n\n<p>Conferencia \u201cTransformaci\u00f3n digital educativa: retos y oportunidades\u201d<\/p>\n\n\n\n<p>Ponente: Ysabel Rosales Chicnes<\/p>\n\n\n\n<p>Adem\u00e1s, en la inauguraci\u00f3n del evento participar\u00e1 el elenco de danzas de la Filial Los Olivos. Tambi\u00e9n habr\u00e1 jornadas profesionales los d\u00edas 5 y 6 de mayo de 10 a.m. a 1 p.m. \u00a1No te pierdas esta oportunidad de acercarte a la literatura universitaria y de conocer m\u00e1s sobre nuestros libros!<\/p>\n","protected":false},"excerpt":{"rendered":"<p>Nuestro Fondo Editorial estar\u00e1 presente en el Sal\u00f3n del Libro Universitario Peruano, organizado por el Ministerio de Cultura, la C\u00e1mara Peruana del Libro y las Editoriales Universitarias y Acad\u00e9micas del Per\u00fa (EU Per\u00fa).&nbsp; Este evento editorial busca visibilizar la labor editorial universitaria y la producci\u00f3n acad\u00e9mica en el Per\u00fa, as\u00ed como promover la comercializaci\u00f3n y [&hellip;]<\/p>\n","protected":false},"author":50,"featured_media":0,"comment_status":"open","ping_status":"open","sticky":false,"template":"","format":"standard","meta":[],"categories":[1],"tags":[],"_links":{"self":[{"href":"https:\/\/blog.continental.edu.pe\/fondoeditorial\/wp-json\/wp\/v2\/posts\/283"}],"collection":[{"href":"https:\/\/blog.continental.edu.pe\/fondoeditorial\/wp-json\/wp\/v2\/posts"}],"about":[{"href":"https:\/\/blog.continental.edu.pe\/fondoeditorial\/wp-json\/wp\/v2\/types\/post"}],"author":[{"embeddable":true,"href":"https:\/\/blog.continental.edu.pe\/fondoeditorial\/wp-json\/wp\/v2\/users\/50"}],"replies":[{"embeddable":true,"href":"https:\/\/blog.continental.edu.pe\/fondoeditorial\/wp-json\/wp\/v2\/comments?post=283"}],"version-history":[{"count":2,"href":"https:\/\/blog.continental.edu.pe\/fondoeditorial\/wp-json\/wp\/v2\/posts\/283\/revisions"}],"predecessor-version":[{"id":298,"href":"https:\/\/blog.continental.edu.pe\/fondoeditorial\/wp-json\/wp\/v2\/posts\/283\/revisions\/298"}],"wp:attachment":[{"href":"https:\/\/blog.continental.edu.pe\/fondoeditorial\/wp-json\/wp\/v2\/media?parent=283"}],"wp:term":[{"taxonomy":"category","embeddable":true,"href":"https:\/\/blog.continental.edu.pe\/fondoeditorial\/wp-json\/wp\/v2\/categories?post=283"},{"taxonomy":"post_tag","embeddable":true,"href":"https:\/\/blog.continental.edu.pe\/fondoeditorial\/wp-json\/wp\/v2\/tags?post=283"}],"curies":[{"name":"wp","href":"https:\/\/api.w.org\/{rel}","templated":true}]}}