{"id":289,"date":"2024-04-05T17:42:46","date_gmt":"2024-04-05T17:42:46","guid":{"rendered":"https:\/\/blog.continental.edu.pe\/fondoeditorial\/?p=289"},"modified":"2024-04-05T19:33:40","modified_gmt":"2024-04-05T19:33:40","slug":"mes-del-libro","status":"publish","type":"post","link":"https:\/\/blog.continental.edu.pe\/fondoeditorial\/2024\/04\/05\/mes-del-libro\/","title":{"rendered":"Mes del libro"},"content":{"rendered":"\n<p><strong>El Mes de la Letras en el Per\u00fa<\/strong><\/p>\n\n\n\n<p class=\"has-text-align-left\"><img loading=\"lazy\" width=\"1432\" height=\"1187\" class=\"wp-image-299\" style=\"width: 400px\" src=\"https:\/\/blog.continental.edu.pe\/fondoeditorial\/wp-content\/uploads\/sites\/17\/2024\/04\/post_mes-de-las-letras_jpg.jpg\" alt=\"\" srcset=\"https:\/\/blog.continental.edu.pe\/fondoeditorial\/wp-content\/uploads\/sites\/17\/2024\/04\/post_mes-de-las-letras_jpg.jpg 1432w, https:\/\/blog.continental.edu.pe\/fondoeditorial\/wp-content\/uploads\/sites\/17\/2024\/04\/post_mes-de-las-letras_jpg-300x249.jpg 300w, https:\/\/blog.continental.edu.pe\/fondoeditorial\/wp-content\/uploads\/sites\/17\/2024\/04\/post_mes-de-las-letras_jpg-1024x849.jpg 1024w, https:\/\/blog.continental.edu.pe\/fondoeditorial\/wp-content\/uploads\/sites\/17\/2024\/04\/post_mes-de-las-letras_jpg-768x637.jpg 768w, https:\/\/blog.continental.edu.pe\/fondoeditorial\/wp-content\/uploads\/sites\/17\/2024\/04\/post_mes-de-las-letras_jpg-320x265.jpg 320w\" sizes=\"(max-width: 1432px) 100vw, 1432px\" \/><br><\/p>\n\n\n\n<p class=\"has-text-align-left\">\u00bfHan escuchado hablar de Augusto Tamayo Vargas?<br>Fue el poeta, narrador y cr\u00edtico literario que en 1931 instaur\u00f3 con este nombre al mes de abril.                                    Esto se debe a que muchos de nuestros autores nacieron o fallecieron en esta \u00e9poca del a\u00f1o.<br>As\u00ed, tenemos a c\u00e9lebres figuras como C\u00e9sar Vallejo, Flora Trist\u00e1n, Juan Gonzalo Rose,<br>Jos\u00e9 Carlos Mari\u00e1tegui, Jos\u00e9 Mar\u00eda Eguren, entre otros.<br>Abril es un mes importante para nuestra identidad cultural, ya que muchos de estos autores                                          se preocuparon, en su \u00e9poca, por las situaciones sociales que aquejaban a los peruanos.<br>Por eso en honor a este mes nos dedicaremos a compartir autores y libros.<br>Para seguir todas nuestras publicaciones puedes unirte al siguiente grupo de Facebook:<\/p>\n\n\n\n<p>Fondo Editorial<\/p>\n","protected":false},"excerpt":{"rendered":"<p>El Mes de la Letras en el Per\u00fa \u00bfHan escuchado hablar de Augusto Tamayo Vargas?Fue el poeta, narrador y cr\u00edtico literario que en 1931 instaur\u00f3 con este nombre al mes de abril. Esto se debe a que muchos de nuestros autores nacieron o fallecieron en esta \u00e9poca del a\u00f1o.As\u00ed, tenemos a c\u00e9lebres figuras como C\u00e9sar [&hellip;]<\/p>\n","protected":false},"author":50,"featured_media":299,"comment_status":"open","ping_status":"open","sticky":false,"template":"","format":"standard","meta":[],"categories":[1],"tags":[],"_links":{"self":[{"href":"https:\/\/blog.continental.edu.pe\/fondoeditorial\/wp-json\/wp\/v2\/posts\/289"}],"collection":[{"href":"https:\/\/blog.continental.edu.pe\/fondoeditorial\/wp-json\/wp\/v2\/posts"}],"about":[{"href":"https:\/\/blog.continental.edu.pe\/fondoeditorial\/wp-json\/wp\/v2\/types\/post"}],"author":[{"embeddable":true,"href":"https:\/\/blog.continental.edu.pe\/fondoeditorial\/wp-json\/wp\/v2\/users\/50"}],"replies":[{"embeddable":true,"href":"https:\/\/blog.continental.edu.pe\/fondoeditorial\/wp-json\/wp\/v2\/comments?post=289"}],"version-history":[{"count":11,"href":"https:\/\/blog.continental.edu.pe\/fondoeditorial\/wp-json\/wp\/v2\/posts\/289\/revisions"}],"predecessor-version":[{"id":312,"href":"https:\/\/blog.continental.edu.pe\/fondoeditorial\/wp-json\/wp\/v2\/posts\/289\/revisions\/312"}],"wp:featuredmedia":[{"embeddable":true,"href":"https:\/\/blog.continental.edu.pe\/fondoeditorial\/wp-json\/wp\/v2\/media\/299"}],"wp:attachment":[{"href":"https:\/\/blog.continental.edu.pe\/fondoeditorial\/wp-json\/wp\/v2\/media?parent=289"}],"wp:term":[{"taxonomy":"category","embeddable":true,"href":"https:\/\/blog.continental.edu.pe\/fondoeditorial\/wp-json\/wp\/v2\/categories?post=289"},{"taxonomy":"post_tag","embeddable":true,"href":"https:\/\/blog.continental.edu.pe\/fondoeditorial\/wp-json\/wp\/v2\/tags?post=289"}],"curies":[{"name":"wp","href":"https:\/\/api.w.org\/{rel}","templated":true}]}}