{"id":328,"date":"2024-07-15T16:07:26","date_gmt":"2024-07-15T16:07:26","guid":{"rendered":"https:\/\/blog.continental.edu.pe\/fondoeditorial\/?p=328"},"modified":"2024-07-15T16:30:01","modified_gmt":"2024-07-15T16:30:01","slug":"presentacion-de-libro-4","status":"publish","type":"post","link":"https:\/\/blog.continental.edu.pe\/fondoeditorial\/2024\/07\/15\/presentacion-de-libro-4\/","title":{"rendered":"Presentaci\u00f3n de libro:"},"content":{"rendered":"\n<p><strong><em>Cada domingo<\/em><\/strong><\/p>\n\n\n\n<p>El jueves 1 de agosto de 2024, a las 7:00 p. m., en el marco de la 28 Feria Internacional del Libro de Lima, se presentar\u00e1 el libro <strong><em>Cada domingo <\/em><\/strong>en el auditorio C\u00e9sar Vallejo, ubicado en el parque Pr\u00f3ceres de la Independencia, Jes\u00fas Mar\u00eda.<\/p>\n\n\n\n<p>Los comentarios estar\u00e1n a cargo de Mar\u00eda Isabel Le\u00f3n, educadora y autora del libro; Roque Benavides, empresario minero, presidente de Buenaventura; Patricia del R\u00edo, periodista, y Jos\u00e9 Dextre, empresario educativo, presidente de la Universidad Cient\u00edfica del Sur.<\/p>\n\n\n\n<p><strong>Sobre el libro<\/strong><\/p>\n\n\n\n<p><strong><em>Cada domingo<\/em><\/strong> re\u00fane un conjunto de las columnas semanales publicadas en el diario Correo entre los a\u00f1os 2020 y 2023. A trav\u00e9s de un estilo \u00e1gil y ameno, pero no exento de reflexiones filos\u00f3ficas y meditaciones sobre la realidad de la vida, la autora nos presenta en cada art\u00edculo su visi\u00f3n de la coyuntura social, econ\u00f3mica y pol\u00edtica del Per\u00fa, y nos invita a formular nuestras propias posturas respecto a los asuntos que trata.<\/p>\n\n\n\n<p><strong>Sobre la autora<\/strong><\/p>\n\n\n\n<p>Mar\u00eda Isabel Le\u00f3n es educadora y empresaria peruana quien lider\u00f3 la Asociaci\u00f3n de Institutos y Escuelas de Educaci\u00f3n Superior del Per\u00fa (AsistePeru) durante m\u00e1s de once a\u00f1os. Ocup\u00f3 el cargo de vicepresidenta de la Federaci\u00f3n de Instituciones Educativas privadas (FIPES) y lleg\u00f3 a desempe\u00f1arse como&nbsp; presidenta de la Confederaci\u00f3n Nacional de Instituciones Empresariales Privadas del Per\u00fa, CONFIEP (el gremio empresarial m\u00e1s importante del pa\u00eds), durante los a\u00f1os 2019-2021, habiendo sido la primera mujer en 34 a\u00f1os en ocupar ese cargo tradicionalmente masculino. Actualmente es vicepresidenta de IPAE, vicepresidenta del CIAR (Centro Iberoamericano de Arbitraje con sede en Madrid), adem\u00e1s de consejera en el Consejo Nacional de Educaci\u00f3n del Per\u00fa,&nbsp; directora del Consejo Privado de Competitividad, directora de la Maestr\u00eda de Educaci\u00f3n en la Escuela de Postgrado de la Universidad Continental. Promueve y dirige programas de liderazgo y desarrollo de capacidades empresariales en mujeres, en alianza con empresas privadas, en distintas regiones del pa\u00eds.<\/p>\n","protected":false},"excerpt":{"rendered":"<p>Cada domingo El jueves 1 de agosto de 2024, a las 7:00 p. m., en el marco de la 28 Feria Internacional del Libro de Lima, se presentar\u00e1 el libro Cada domingo en el auditorio C\u00e9sar Vallejo, ubicado en el parque Pr\u00f3ceres de la Independencia, Jes\u00fas Mar\u00eda. Los comentarios estar\u00e1n a cargo de Mar\u00eda Isabel [&hellip;]<\/p>\n","protected":false},"author":50,"featured_media":329,"comment_status":"open","ping_status":"open","sticky":true,"template":"","format":"standard","meta":[],"categories":[8],"tags":[],"_links":{"self":[{"href":"https:\/\/blog.continental.edu.pe\/fondoeditorial\/wp-json\/wp\/v2\/posts\/328"}],"collection":[{"href":"https:\/\/blog.continental.edu.pe\/fondoeditorial\/wp-json\/wp\/v2\/posts"}],"about":[{"href":"https:\/\/blog.continental.edu.pe\/fondoeditorial\/wp-json\/wp\/v2\/types\/post"}],"author":[{"embeddable":true,"href":"https:\/\/blog.continental.edu.pe\/fondoeditorial\/wp-json\/wp\/v2\/users\/50"}],"replies":[{"embeddable":true,"href":"https:\/\/blog.continental.edu.pe\/fondoeditorial\/wp-json\/wp\/v2\/comments?post=328"}],"version-history":[{"count":1,"href":"https:\/\/blog.continental.edu.pe\/fondoeditorial\/wp-json\/wp\/v2\/posts\/328\/revisions"}],"predecessor-version":[{"id":330,"href":"https:\/\/blog.continental.edu.pe\/fondoeditorial\/wp-json\/wp\/v2\/posts\/328\/revisions\/330"}],"wp:featuredmedia":[{"embeddable":true,"href":"https:\/\/blog.continental.edu.pe\/fondoeditorial\/wp-json\/wp\/v2\/media\/329"}],"wp:attachment":[{"href":"https:\/\/blog.continental.edu.pe\/fondoeditorial\/wp-json\/wp\/v2\/media?parent=328"}],"wp:term":[{"taxonomy":"category","embeddable":true,"href":"https:\/\/blog.continental.edu.pe\/fondoeditorial\/wp-json\/wp\/v2\/categories?post=328"},{"taxonomy":"post_tag","embeddable":true,"href":"https:\/\/blog.continental.edu.pe\/fondoeditorial\/wp-json\/wp\/v2\/tags?post=328"}],"curies":[{"name":"wp","href":"https:\/\/api.w.org\/{rel}","templated":true}]}}