{"id":334,"date":"2024-07-15T16:13:27","date_gmt":"2024-07-15T16:13:27","guid":{"rendered":"https:\/\/blog.continental.edu.pe\/fondoeditorial\/?p=334"},"modified":"2024-07-15T16:29:53","modified_gmt":"2024-07-15T16:29:53","slug":"presentacion-de-libro-6","status":"publish","type":"post","link":"https:\/\/blog.continental.edu.pe\/fondoeditorial\/2024\/07\/15\/presentacion-de-libro-6\/","title":{"rendered":"Presentaci\u00f3n de libro:"},"content":{"rendered":"\n<p><strong><em>Contextos Proyectuales vol. 1. Colecci\u00f3n infraestructuras territoriales<\/em><\/strong><\/p>\n\n\n\n<p>El martes 23 de julio de 2024, a las 4:00 p. m., en el marco de la 28 Feria Internacional del Libro de Lima, se presentar\u00e1 el libro <strong><em>Contextos Proyectuales vol. 1. Colecci\u00f3n infraestructuras territoriales<\/em><\/strong> en el auditorio Clorinda Matto de Turner, ubicado en el parque Pr\u00f3ceres de la Independencia, Jes\u00fas Mar\u00eda.<\/p>\n\n\n\n<p>Los comentarios de la obra estar\u00e1n a cargo de Josep Cargol Noguer, docente, editor y autor del libro; Tony Antezana, docente de la Universidad Continental; y Orlando S\u00e1nchez, docente de la Universidad Continental.<\/p>\n\n\n\n<p><strong>Sobre el libro<\/strong><\/p>\n\n\n\n<p><strong><em>Contextos Proyectuales vol. 1. Colecci\u00f3n infraestructuras territoriales<\/em><\/strong> nos muestra la naturaleza h\u00edbrida y polifuncional de las infraestructuras adaptadas y adaptativas al territorio, las cuales forman parte de la capacidad de generar un programa, un tanto, de car\u00e1cter propositivo, en un contexto determinado, con una investigaci\u00f3n paralela con empat\u00eda para el desarrollo social, econ\u00f3mico y regional.<\/p>\n\n\n\n<p><strong>Sobre el autor<\/strong><\/p>\n\n\n\n<p>Josep Cargol Noguer es arquitecto por la ETSAB y mag\u00edster en Proyectos, Urbanismo e Historia por la Universitat Polit\u00e8cnica de Catalunya. Cofundador del estudio Territorial en Lima desde 2012. Ha participado en las exposiciones: \u201cArchitecture catalane contemporaine\u201d (2004-2009), Par\u00eds (2009) y \u00abPabell\u00f3n de Catalunya\u00bb (Bienal de Venezia, 2012). Actualmente, es profesor de arquitectura en la PUCP, la UPC y la UCAL en Lima; en la Universidad Continental en Huancayo, entre otras.<\/p>\n","protected":false},"excerpt":{"rendered":"<p>Contextos Proyectuales vol. 1. Colecci\u00f3n infraestructuras territoriales El martes 23 de julio de 2024, a las 4:00 p. m., en el marco de la 28 Feria Internacional del Libro de Lima, se presentar\u00e1 el libro Contextos Proyectuales vol. 1. Colecci\u00f3n infraestructuras territoriales en el auditorio Clorinda Matto de Turner, ubicado en el parque Pr\u00f3ceres de [&hellip;]<\/p>\n","protected":false},"author":50,"featured_media":0,"comment_status":"open","ping_status":"open","sticky":true,"template":"","format":"standard","meta":[],"categories":[8],"tags":[],"_links":{"self":[{"href":"https:\/\/blog.continental.edu.pe\/fondoeditorial\/wp-json\/wp\/v2\/posts\/334"}],"collection":[{"href":"https:\/\/blog.continental.edu.pe\/fondoeditorial\/wp-json\/wp\/v2\/posts"}],"about":[{"href":"https:\/\/blog.continental.edu.pe\/fondoeditorial\/wp-json\/wp\/v2\/types\/post"}],"author":[{"embeddable":true,"href":"https:\/\/blog.continental.edu.pe\/fondoeditorial\/wp-json\/wp\/v2\/users\/50"}],"replies":[{"embeddable":true,"href":"https:\/\/blog.continental.edu.pe\/fondoeditorial\/wp-json\/wp\/v2\/comments?post=334"}],"version-history":[{"count":1,"href":"https:\/\/blog.continental.edu.pe\/fondoeditorial\/wp-json\/wp\/v2\/posts\/334\/revisions"}],"predecessor-version":[{"id":335,"href":"https:\/\/blog.continental.edu.pe\/fondoeditorial\/wp-json\/wp\/v2\/posts\/334\/revisions\/335"}],"wp:attachment":[{"href":"https:\/\/blog.continental.edu.pe\/fondoeditorial\/wp-json\/wp\/v2\/media?parent=334"}],"wp:term":[{"taxonomy":"category","embeddable":true,"href":"https:\/\/blog.continental.edu.pe\/fondoeditorial\/wp-json\/wp\/v2\/categories?post=334"},{"taxonomy":"post_tag","embeddable":true,"href":"https:\/\/blog.continental.edu.pe\/fondoeditorial\/wp-json\/wp\/v2\/tags?post=334"}],"curies":[{"name":"wp","href":"https:\/\/api.w.org\/{rel}","templated":true}]}}