{"id":136,"date":"2015-07-24T19:27:47","date_gmt":"2015-07-24T19:27:47","guid":{"rendered":"http:\/\/blog.continental.edu.pe\/cendoc\/?p=136"},"modified":"2015-07-24T19:28:02","modified_gmt":"2015-07-24T19:28:02","slug":"feria-del-libro-uc-conoce-aqui-la-lista-completa-de-actividades","status":"publish","type":"post","link":"https:\/\/blog.continental.edu.pe\/hubinformacion\/2015\/07\/24\/feria-del-libro-uc-conoce-aqui-la-lista-completa-de-actividades\/","title":{"rendered":"Feria del Libro UC: Conoce aqu\u00ed la lista completa de actividades"},"content":{"rendered":"<p>Una gran fiesta cultural promete ser la Feria del Libro que organiza la Universidad Continental. Durante siete d\u00edas, el p\u00fablico podr\u00e1 disfrutar de casi cincuenta eventos acad\u00e9micos y art\u00edsticos de primer nivel, gracias a las gestiones del Centro Cultural y el Centro de Documentaci\u00f3n de la UC.<\/p>\n<figure><a href=\"http:\/\/blog.continental.edu.pe\/cendoc\/wp-content\/uploads\/sites\/16\/2015\/07\/30.png\" rel=\"attachment wp-att-137\"><img loading=\"lazy\" class=\" aligncenter\" src=\"http:\/\/blog.continental.edu.pe\/cendoc\/wp-content\/uploads\/sites\/16\/2015\/07\/30-261x300.png\" alt=\"30\" width=\"291\" height=\"334\" \/><\/a><\/figure>\n<p><a href=\"http:\/\/issuu.com\/kretamozo\/docs\/programa_para_descargar\">Descarga el programa completo<\/a><\/p>\n<p>Para la primera edici\u00f3n de la feria, se ha confirmado la participaci\u00f3n del actor, escritor, director de cine y conductor de televisi\u00f3n Aldo Miyashiro, quien presentar\u00e1 su pel\u00edcula \u201cAtacada\u201d y participar\u00e1 de un conversatorio sobre violencia contra la mujer. Tambi\u00e9n estar\u00e1 el periodista y analista pol\u00edtico Santiago Pedraglio, con la presentaci\u00f3n de su libro \u201cConversaciones. Con ojos del Siglo XX\u201d.<\/p>\n<p>Otras actividades que se consideran en el programa son los talleres: \u201cLos recursos docentes y la gesti\u00f3n acad\u00e9mica\u201d, a cargo de compa\u00f1\u00eda editorial y de servicios educativos multinacional brit\u00e1nica PEARSON; \u201c\u00bfC\u00f3mo escribir y publicar art\u00edculos cient\u00edficos?\u201d, por la doctora Eliana Gallardo Echenique; \u201cLa biblioteca: Gestor de la educaci\u00f3n y la cultura\u201d que tendr\u00e1 como ponente a la bibliotec\u00f3loga \u00c1ngela Luna Choque; y \u201cLos primeros pasos para escribir ficci\u00f3n\u201d, por el escritor Jorge Salcedo.<\/p>\n<p><b>LIBROS. <\/b>Adem\u00e1s de disfrutar de las presentaciones, los asistentes podr\u00e1n adquirir libros y revistas a precios especiales. Para ello se anunci\u00f3 la participaci\u00f3n del Fondo Editorial de la PUCP, Libun, Roca Distribuidores,\u00a0SBS Librer\u00eda Internacional y San Crist\u00f3bal, con textos acad\u00e9micos para diversos campos de estudio. Asimismo, Ibero Librer\u00edas para los que gustan de la literatura y el diario Depor que ofrecer\u00e1 al p\u00fablico sus revistas y realizar\u00e1 promociones.<\/p>\n<p><b>M\u00e1s informaci\u00f3n:<\/b><\/p>\n<ul>\n<li>La Feria del Libro UC se realizar\u00e1 en el campus de la Av. San Carlos 1980 \u2013 Huancayo del 25 al 31 de mayo.<\/li>\n<li>El ingreso a todas las actividades es libre.<\/li>\n<\/ul>\n","protected":false},"excerpt":{"rendered":"<p>Una gran fiesta cultural promete ser la Feria del Libro que organiza la Universidad Continental. Durante siete d\u00edas, el p\u00fablico podr\u00e1 disfrutar de casi cincuenta eventos acad\u00e9micos y art\u00edsticos de primer nivel, gracias a las gestiones del Centro Cultural y el Centro de Documentaci\u00f3n de la UC. Descarga el programa completo Para la primera edici\u00f3n [&hellip;]<\/p>\n","protected":false},"author":49,"featured_media":137,"comment_status":"open","ping_status":"open","sticky":false,"template":"","format":"standard","meta":[],"categories":[1],"tags":[],"_links":{"self":[{"href":"https:\/\/blog.continental.edu.pe\/hubinformacion\/wp-json\/wp\/v2\/posts\/136"}],"collection":[{"href":"https:\/\/blog.continental.edu.pe\/hubinformacion\/wp-json\/wp\/v2\/posts"}],"about":[{"href":"https:\/\/blog.continental.edu.pe\/hubinformacion\/wp-json\/wp\/v2\/types\/post"}],"author":[{"embeddable":true,"href":"https:\/\/blog.continental.edu.pe\/hubinformacion\/wp-json\/wp\/v2\/users\/49"}],"replies":[{"embeddable":true,"href":"https:\/\/blog.continental.edu.pe\/hubinformacion\/wp-json\/wp\/v2\/comments?post=136"}],"version-history":[{"count":1,"href":"https:\/\/blog.continental.edu.pe\/hubinformacion\/wp-json\/wp\/v2\/posts\/136\/revisions"}],"predecessor-version":[{"id":138,"href":"https:\/\/blog.continental.edu.pe\/hubinformacion\/wp-json\/wp\/v2\/posts\/136\/revisions\/138"}],"wp:featuredmedia":[{"embeddable":true,"href":"https:\/\/blog.continental.edu.pe\/hubinformacion\/wp-json\/wp\/v2\/media\/137"}],"wp:attachment":[{"href":"https:\/\/blog.continental.edu.pe\/hubinformacion\/wp-json\/wp\/v2\/media?parent=136"}],"wp:term":[{"taxonomy":"category","embeddable":true,"href":"https:\/\/blog.continental.edu.pe\/hubinformacion\/wp-json\/wp\/v2\/categories?post=136"},{"taxonomy":"post_tag","embeddable":true,"href":"https:\/\/blog.continental.edu.pe\/hubinformacion\/wp-json\/wp\/v2\/tags?post=136"}],"curies":[{"name":"wp","href":"https:\/\/api.w.org\/{rel}","templated":true}]}}