{"id":139,"date":"2015-07-24T19:44:03","date_gmt":"2015-07-24T19:44:03","guid":{"rendered":"http:\/\/blog.continental.edu.pe\/cendoc\/?p=139"},"modified":"2015-07-24T19:44:03","modified_gmt":"2015-07-24T19:44:03","slug":"universidad-continental-inaugura-su-i-feria-del-libro","status":"publish","type":"post","link":"https:\/\/blog.continental.edu.pe\/hubinformacion\/2015\/07\/24\/universidad-continental-inaugura-su-i-feria-del-libro\/","title":{"rendered":"Universidad Continental inaugura su I Feria del Libro"},"content":{"rendered":"<p>Con la participaci\u00f3n de Armando Prieto, decano de la Facultad de Derecho; Katerine Retamozo, responsable del Centro Cultural, y Cecilia Justino, encargada del Centro de Documentaci\u00f3n, la Universidad Continental inaugur\u00f3 el lunes su I Feria del Libro.<\/p>\n<p>En la reuni\u00f3n en la que participaron autoridades y estudiantes de nuestra casa de estudios, adem\u00e1s de importantes medios de comunicaci\u00f3n, se resalt\u00f3 el esfuerzo de los organizadores por acercar la cultura a las familias de la regi\u00f3n y propiciar espacios de intercambio de conocimientos.<\/p>\n<figure><a href=\"http:\/\/blog.continental.edu.pe\/cendoc\/wp-content\/uploads\/sites\/16\/2015\/07\/31.1.png\" rel=\"attachment wp-att-140\"><img class=\" aligncenter\" src=\"http:\/\/blog.continental.edu.pe\/cendoc\/wp-content\/uploads\/sites\/16\/2015\/07\/31.1-300x198.png\" alt=\"31.1\" \/><\/a><\/figure>\n<p>\u201cHace varios meses que conoc\u00ed a Cecilia Justino, conversamos sobre varios temas, entre ellos la importancia de realizar una Feria del Libro dentro de la Universidad. Es as\u00ed que en mutuo apoyo hemos armado este espacio que esperamos contribuya en la formaci\u00f3n de los profesionales y seres humanos. Ser\u00e1 una ardua jornada de siete d\u00edas que esperamos disfruten todos\u201d, mencion\u00f3 Katerine Retamozo.<\/p>\n<p><b>ACTIVIDADES. <\/b>El primer d\u00eda de feria contempl\u00f3 el desarrollo de la charla \u201c\u00bfC\u00f3mo escribir y publicar art\u00edculos cient\u00edficos?\u201d. Eliana Gallardo, la facilitadora, dio algunas pautas que los cient\u00edficos y estudiantes de todas las disciplinas pueden utilizar para asegurar que sus manuscritos tengan grandes probabilidades de ser aceptados para su publicaci\u00f3n.<a href=\"http:\/\/blog.continental.edu.pe\/cendoc\/wp-content\/uploads\/sites\/16\/2015\/07\/31.2.png\" rel=\"attachment wp-att-141\"><img class=\" aligncenter\" src=\"http:\/\/blog.continental.edu.pe\/cendoc\/wp-content\/uploads\/sites\/16\/2015\/07\/31.2-300x200.png\" alt=\"31.2\" \/><\/a><\/p>\n<p>Luego, Junior Zurita disert\u00f3 una conferencia sobre \u201cFilosof\u00eda para la vida: las cuatro crisis en el hombre\u201d. En ella mencion\u00f3 la importancia del autoconocimiento, puesto que cada acci\u00f3n que hagamos en nuestras vidas puede generar crisis.<\/p>\n<p>M\u00e1s adelante, el decano de Derecho, Armando Prieto y la jefa de la oficina de Comunicaciones, Yanina Rosales, presentaron el libro \u201cExperiencias Magistrales Volumen III\u201d. Esta es una publicaci\u00f3n cuyo objetivo es difundir los conocimientos de los profesionales de diversas especialidades provenientes del Per\u00fa y el extranjero. En esta edici\u00f3n considera la transcripci\u00f3n de las conferencias magistrales de los acad\u00e9micos Michele Taruffo, Jos\u00e9 Ram\u00f3n Hilera, Rob Reilly, Jairo Vargas Bonilla, Luis Bengochea, entre otros.<\/p>\n<p>Para cerrar el d\u00eda, se desarroll\u00f3 el conversatorio \u00bfSomos felices los huanca\u00ednos? Jorge Salcedo, Carlos C\u00f3ndor Ames y Od\u00f3n Yance discutieron la investigaci\u00f3n de Jorge Yamamoto, quien afirm\u00f3 que Huancayo es la ciudad m\u00e1s feliz del Per\u00fa.<\/p>\n<figure><a href=\"http:\/\/blog.continental.edu.pe\/cendoc\/wp-content\/uploads\/sites\/16\/2015\/07\/31.3.png\" rel=\"attachment wp-att-142\"><img class=\" aligncenter\" src=\"http:\/\/blog.continental.edu.pe\/cendoc\/wp-content\/uploads\/sites\/16\/2015\/07\/31.3-300x194.png\" alt=\"31.3\" \/><\/a><\/figure>\n<p><b>M\u00e1s informaci\u00f3n:<\/b><\/p>\n<p>Conoce la programaci\u00f3n completa\u00a0<a href=\"http:\/\/www.continental.edu.pe\/cendoc\/i-feria-del-libro\/\">aqu\u00ed:<\/a><\/p>\n","protected":false},"excerpt":{"rendered":"<p>Con la participaci\u00f3n de Armando Prieto, decano de la Facultad de Derecho; Katerine Retamozo, responsable del Centro Cultural, y Cecilia Justino, encargada del Centro de Documentaci\u00f3n, la Universidad Continental inaugur\u00f3 el lunes su I Feria del Libro. En la reuni\u00f3n en la que participaron autoridades y estudiantes de nuestra casa de estudios, adem\u00e1s de importantes [&hellip;]<\/p>\n","protected":false},"author":49,"featured_media":141,"comment_status":"open","ping_status":"open","sticky":false,"template":"","format":"standard","meta":[],"categories":[1],"tags":[],"_links":{"self":[{"href":"https:\/\/blog.continental.edu.pe\/hubinformacion\/wp-json\/wp\/v2\/posts\/139"}],"collection":[{"href":"https:\/\/blog.continental.edu.pe\/hubinformacion\/wp-json\/wp\/v2\/posts"}],"about":[{"href":"https:\/\/blog.continental.edu.pe\/hubinformacion\/wp-json\/wp\/v2\/types\/post"}],"author":[{"embeddable":true,"href":"https:\/\/blog.continental.edu.pe\/hubinformacion\/wp-json\/wp\/v2\/users\/49"}],"replies":[{"embeddable":true,"href":"https:\/\/blog.continental.edu.pe\/hubinformacion\/wp-json\/wp\/v2\/comments?post=139"}],"version-history":[{"count":1,"href":"https:\/\/blog.continental.edu.pe\/hubinformacion\/wp-json\/wp\/v2\/posts\/139\/revisions"}],"predecessor-version":[{"id":143,"href":"https:\/\/blog.continental.edu.pe\/hubinformacion\/wp-json\/wp\/v2\/posts\/139\/revisions\/143"}],"wp:featuredmedia":[{"embeddable":true,"href":"https:\/\/blog.continental.edu.pe\/hubinformacion\/wp-json\/wp\/v2\/media\/141"}],"wp:attachment":[{"href":"https:\/\/blog.continental.edu.pe\/hubinformacion\/wp-json\/wp\/v2\/media?parent=139"}],"wp:term":[{"taxonomy":"category","embeddable":true,"href":"https:\/\/blog.continental.edu.pe\/hubinformacion\/wp-json\/wp\/v2\/categories?post=139"},{"taxonomy":"post_tag","embeddable":true,"href":"https:\/\/blog.continental.edu.pe\/hubinformacion\/wp-json\/wp\/v2\/tags?post=139"}],"curies":[{"name":"wp","href":"https:\/\/api.w.org\/{rel}","templated":true}]}}