{"id":144,"date":"2015-08-11T21:45:44","date_gmt":"2015-08-11T21:45:44","guid":{"rendered":"http:\/\/blog.continental.edu.pe\/cendoc\/?p=144"},"modified":"2015-08-11T22:06:46","modified_gmt":"2015-08-11T22:06:46","slug":"el-perdon-es-un-paso-mas-avanzado-que-la-venganza-pero-no-tanto-como-la-reconciliacion","status":"publish","type":"post","link":"https:\/\/blog.continental.edu.pe\/hubinformacion\/2015\/08\/11\/el-perdon-es-un-paso-mas-avanzado-que-la-venganza-pero-no-tanto-como-la-reconciliacion\/","title":{"rendered":"\u201cEl perd\u00f3n es un paso m\u00e1s avanzado que la venganza, pero no tanto como la reconciliaci\u00f3n\u201d"},"content":{"rendered":"<p>El director del Lugar de la Memoria de Jun\u00edn \u201cYalpana Wasi \u2013 Wi\u00f1ay Yalpanapa\u201d, Jos\u00e9 Rivadeneyra se hizo presente en la I Feria del Libro de la UC con el taller \u201cPropuesta hacia la reconciliaci\u00f3n. El ser humano y su sentido\u201d. Durante su participaci\u00f3n el titular invit\u00f3 a reflexionar sobre el significado real del perd\u00f3n.<\/p>\n<p>Revisa la programaci\u00f3n de la Feria del Libro para hoy\u00a0<a href=\"http:\/\/www.continental.edu.pe\/cendoc\/i-feria-del-libro\/\">aqui<\/a><\/p>\n<figure><a href=\"http:\/\/blog.continental.edu.pe\/cendoc\/wp-content\/uploads\/sites\/16\/2015\/08\/32.png\" rel=\"attachment wp-att-147\"><img class=\" aligncenter\" src=\"http:\/\/blog.continental.edu.pe\/cendoc\/wp-content\/uploads\/sites\/16\/2015\/08\/32-300x197.png\" alt=\"32\" \/><\/a><\/figure>\n<p>\u201cYo sigo una corriente que se llama nuevo humanismo que nos da pautas de conducta de trato hacia uno mismo, pues es importante reconciliarse de manera personal para luego reconociliarnos con aquellos que nos han herido\u201d, mencion\u00f3 el expositor. Resalt\u00f3 que la ra\u00edz del sufrimiento y la violencia es la p\u00e9rdida del sentido de la vida, que se encuentra en el interior de cada ser humano.<\/p>\n<p>Rivadeneyra comparti\u00f3 un material en el que Silo afirmaba que el perd\u00f3n exige que uno de los t\u00e9rminos se ponga en un altar superior y que otro se humille ante quien perdona. \u201cEl perd\u00f3n es un paso m\u00e1s avanzado que el de la venganza pero no lo es tanto como el de la reconciliaci\u00f3n\u201d, afirmaba el l\u00edder.<\/p>\n<figure><a href=\"http:\/\/blog.continental.edu.pe\/cendoc\/wp-content\/uploads\/sites\/16\/2015\/08\/32.2.png\" rel=\"attachment wp-att-145\"><img class=\" aligncenter\" src=\"http:\/\/blog.continental.edu.pe\/cendoc\/wp-content\/uploads\/sites\/16\/2015\/08\/32.2-300x198.png\" alt=\"32.2\" \/><\/a><\/figure>\n<p>Siguiendo esa l\u00ednea de pensamiento, el director se\u00f1al\u00f3 que la reconociliaci\u00f3n no implica que olvidemos los agravios que han ocurrido, sino comprender qu\u00e9 ocurri\u00f3 y porqu\u00e9. \u201cLa memoria graba emociones, no informaci\u00f3n. Uno tiene que limpiar la memoria de las falsedades, reconociendo la responsabilidad de cada uno y la de otros para seguir adelante\u201d, manifest\u00f3.<\/p>\n<figure><a href=\"http:\/\/blog.continental.edu.pe\/cendoc\/wp-content\/uploads\/sites\/16\/2015\/08\/32.3.png\" rel=\"attachment wp-att-146\"><img class=\" aligncenter\" src=\"http:\/\/blog.continental.edu.pe\/cendoc\/wp-content\/uploads\/sites\/16\/2015\/08\/32.3-300x199.png\" alt=\"32.3\" \/><\/a><\/figure>\n<p>Por otro lado, en la tercera fecha de la Feria del Libro UC, se realiz\u00f3 tambi\u00e9n el I Encuentro de Narradores Wankas y Chankas. En este evento destac\u00f3 la participaci\u00f3n de Jos\u00e9 Oreg\u00f3n, quien comparti\u00f3 su talento contando cuentos, recitando poemas e interpretando melod\u00edas en idioma quechua. \u201cSomos un solo coraz\u00f3n, una sola cultura\u201d, resalt\u00f3 el artista.<\/p>\n","protected":false},"excerpt":{"rendered":"<p>El director del Lugar de la Memoria de Jun\u00edn \u201cYalpana Wasi \u2013 Wi\u00f1ay Yalpanapa\u201d, Jos\u00e9 Rivadeneyra se hizo presente en la I Feria del Libro de la UC con el taller \u201cPropuesta hacia la reconciliaci\u00f3n. El ser humano y su sentido\u201d. Durante su participaci\u00f3n el titular invit\u00f3 a reflexionar sobre el significado real del perd\u00f3n. [&hellip;]<\/p>\n","protected":false},"author":49,"featured_media":147,"comment_status":"open","ping_status":"open","sticky":false,"template":"","format":"standard","meta":[],"categories":[1],"tags":[],"_links":{"self":[{"href":"https:\/\/blog.continental.edu.pe\/hubinformacion\/wp-json\/wp\/v2\/posts\/144"}],"collection":[{"href":"https:\/\/blog.continental.edu.pe\/hubinformacion\/wp-json\/wp\/v2\/posts"}],"about":[{"href":"https:\/\/blog.continental.edu.pe\/hubinformacion\/wp-json\/wp\/v2\/types\/post"}],"author":[{"embeddable":true,"href":"https:\/\/blog.continental.edu.pe\/hubinformacion\/wp-json\/wp\/v2\/users\/49"}],"replies":[{"embeddable":true,"href":"https:\/\/blog.continental.edu.pe\/hubinformacion\/wp-json\/wp\/v2\/comments?post=144"}],"version-history":[{"count":1,"href":"https:\/\/blog.continental.edu.pe\/hubinformacion\/wp-json\/wp\/v2\/posts\/144\/revisions"}],"predecessor-version":[{"id":148,"href":"https:\/\/blog.continental.edu.pe\/hubinformacion\/wp-json\/wp\/v2\/posts\/144\/revisions\/148"}],"wp:featuredmedia":[{"embeddable":true,"href":"https:\/\/blog.continental.edu.pe\/hubinformacion\/wp-json\/wp\/v2\/media\/147"}],"wp:attachment":[{"href":"https:\/\/blog.continental.edu.pe\/hubinformacion\/wp-json\/wp\/v2\/media?parent=144"}],"wp:term":[{"taxonomy":"category","embeddable":true,"href":"https:\/\/blog.continental.edu.pe\/hubinformacion\/wp-json\/wp\/v2\/categories?post=144"},{"taxonomy":"post_tag","embeddable":true,"href":"https:\/\/blog.continental.edu.pe\/hubinformacion\/wp-json\/wp\/v2\/tags?post=144"}],"curies":[{"name":"wp","href":"https:\/\/api.w.org\/{rel}","templated":true}]}}