{"id":1483,"date":"2021-12-17T12:33:00","date_gmt":"2021-12-17T12:33:00","guid":{"rendered":"https:\/\/blog.continental.edu.pe\/hubinformacion\/?p=1483"},"modified":"2021-12-17T17:34:47","modified_gmt":"2021-12-17T17:34:47","slug":"nos-vemos-en-el-cafe-bibliotecario-2022","status":"publish","type":"post","link":"https:\/\/blog.continental.edu.pe\/hubinformacion\/2021\/12\/17\/nos-vemos-en-el-cafe-bibliotecario-2022\/","title":{"rendered":"\u00a1Nos vemos en el Caf\u00e9 Bibliotecario 2022!"},"content":{"rendered":"\n<p>Nuestro Caf\u00e9 Bibliotecario naci\u00f3 a mediados del 2020, con motivo de la nueva virtualidad generada por la pandemia y con las ansias de crear un nuevo espacio de conversaci\u00f3n que les permita continuar en contacto con el Hub de Informaci\u00f3n.<\/p>\n\n\n\n<p>Y, en este 2021, continuamos con las sesiones, comprometidos con el acompa\u00f1amiento y apoyo a la comunidad Continental. En esta ocasi\u00f3n tuvimos la oportunidad de conversar sobre nuevas tem\u00e1ticas como la integridad acad\u00e9mica y la publicaci\u00f3n de art\u00edculos cient\u00edficos, c\u00f3mo editar y publicar mi libro con el Fondo Editorial Continental, conociendo m\u00e1s herramientas para el aprendizaje e investigaci\u00f3n, as\u00ed como tambi\u00e9n atendiendo sus consultas sobre los servicios y recursos que brinda el Hub de Informaci\u00f3n.<\/p>\n\n\n\n<p>Queremos crear la mejor programaci\u00f3n de sesiones del Caf\u00e9 Bibliotecario para este 2022, eventos que continuar\u00e1n ayudando a potenciar tu desarrollo acad\u00e9mico y a resolver tus dudas sobre los servicios, recursos y actividades del Hub.<\/p>\n\n\n\n<p class=\"has-text-align-center\">\u00bfQu\u00e9 te gustar\u00eda ver el pr\u00f3ximo a\u00f1o? \u00a1<a href=\"https:\/\/docs.google.com\/forms\/d\/e\/1FAIpQLSdopxSBOAkhzMCWzLe1jAow36GNXA_CylTkhmjvyksIP8J_CA\/viewform\"><strong><span class=\"has-inline-color has-vivid-cyan-blue-color\"><span style=\"text-decoration: underline\">D\u00e9janos tus comentarios<\/span><\/span><\/strong><\/a>!<\/p>\n\n\n\n<p class=\"has-text-align-center\">\u00a1\u00danete al grupo oficial en Facebook \u201c<a href=\"https:\/\/www.facebook.com\/groups\/237737544714500\"><strong><span class=\"has-inline-color has-vivid-cyan-blue-color\"><span style=\"text-decoration: underline\">Bibliotecario Virtual<\/span><\/span><\/strong><\/a>\u201d!<\/p>\n\n\n\n<p class=\"has-text-align-center\">Revisa all\u00ed las grabaciones de todas las sesiones del 2021.<\/p>\n\n\n\n<p>\u00a1Te esperamos en las sesiones del 2022!<\/p>\n\n\n\n<figure><\/figure>\n\n\n\n<p>Algunas de nuestras sesiones:<\/p>\n\n\n\n<p>\ud83d\udcc5 Sesi\u00f3n: <strong>C\u00f3mo publicar con el Fondo Editorial<\/strong>, con Jullisa Falla coordinadora del Fondo Editorial Continental<\/p>\n\n\n\n<figure class=\"wp-block-image\"><img src=\"https:\/\/lh4.googleusercontent.com\/3FmfablDewj1JvHRFbav721oM31E0xod5bJFGBK_WfLKV-odzL4qFfuG3h2zRXvp_ZaycltV_aAiDSuPrzdXntoOrZFGpY9HxXyw1uMT4w1E9IbLTNusTNSGCbXDnTlVFAWGMGhQ\" alt=\"\" \/><\/figure>\n\n\n\n<p>\ud83d\udcc5 Sesi\u00f3n: <strong>Pautas para la redacci\u00f3n de art\u00edculos cient\u00edficos, <\/strong>con Margarita Calle Coordinadora de Investigaci\u00f3n de la Facultad de Derecho y Facultad de Humanidades de la Universidad Continental<\/p>\n\n\n\n<figure class=\"wp-block-image\"><img src=\"https:\/\/lh6.googleusercontent.com\/mKuELkjPelHvg7NFhbMK6NBUNIr3RDgQRLdcKOWG_WAR6exQQlCSjqn9BlyTcGOgXGB8nN_Cph8B2lkr1T4Niv5n6GI5PTXN7Q3LRX5unx2Ja3hkcGEupgT0g6hqYxw-XklHf8Yc\" alt=\"\" \/><\/figure>\n\n\n\n<p>\ud83d\udcc5 Sesi\u00f3n: <strong>\u00bfSabes qu\u00e9, c\u00f3mo y para qu\u00e9 sirve Turnitin?<\/strong>, con Margarita Torre coordinadora del Hub de Informaci\u00f3n campus UC Huancayo<\/p>\n\n\n\n<figure class=\"wp-block-image\"><img src=\"https:\/\/lh4.googleusercontent.com\/WEWxwtMEa-O2rD8xZk7pDIhZ00k7eqMTqLgVNOmTJnam9_9HbnNBoExODa99GsLbzmXeObAtT4QAdEZqQi-6MUmCiG4sB8rcDggeHs3Dskc3ccqxqCjCRtJAUMiDUXZTnqY1S-mf\" alt=\"\" \/><\/figure>\n\n\n\n<p>\ud83d\udcc5 Sesi\u00f3n: <strong>Conoce los servicios y recursos del Hub de Informaci\u00f3n<\/strong>, con Jenrry Mendoza asistente del Hub de Informaci\u00f3n campus UC Huancayo<\/p>\n\n\n\n<figure class=\"wp-block-image\"><img src=\"https:\/\/lh5.googleusercontent.com\/IAhw3Yy3Jv2OKGIpUOwc-sSVTPEZWocNx_4Em458_a7I3t_ddou_mONjQfXCR3cfBfRkEPxsJwl2T4Xp26tzJcCHm3rNsmh03X-vG5PIRAmCH3iN7wiIfdGKE8kiocr_sjPnu8we\" alt=\"\" \/><\/figure>\n\n\n\n<p>\ud83d\udcc5 Sesi\u00f3n: <strong>Casos m\u00e1s frecuentes al citar y realizar referencias bibliogr\u00e1ficas con APA, ISO 690 y Vancouver<\/strong>, con Margarita Torre, Yamile N\u00fa\u00f1ez y Harumi Sifuentes, bibliotecarias de nuestro Hub de Informaci\u00f3n<\/p>\n\n\n\n<figure class=\"wp-block-image\"><img src=\"https:\/\/lh3.googleusercontent.com\/WiPrVF2ZOTfjTapx9qRgdJ1prVFRuwNMIZEvQENIUAlZX2lxClOeBhNv8PBop7Ob4ft015fgGLC-bXUA6fl4O6VbNlxylzwsYGOCb6WavW2b-XWksPgqJQLpWjbjvK2H8Y0OPxzJ\" alt=\"\" \/><\/figure>\n","protected":false},"excerpt":{"rendered":"<p>Nuestro Caf\u00e9 Bibliotecario naci\u00f3 a mediados del 2020, con motivo de la nueva virtualidad generada por la pandemia y con las ansias de crear un nuevo espacio de conversaci\u00f3n que les permita continuar en contacto con el Hub de Informaci\u00f3n. Y, en este 2021, continuamos con las sesiones, comprometidos con el acompa\u00f1amiento y apoyo a [&hellip;]<\/p>\n","protected":false},"author":66,"featured_media":1488,"comment_status":"open","ping_status":"open","sticky":false,"template":"","format":"standard","meta":[],"categories":[66],"tags":[26,67],"_links":{"self":[{"href":"https:\/\/blog.continental.edu.pe\/hubinformacion\/wp-json\/wp\/v2\/posts\/1483"}],"collection":[{"href":"https:\/\/blog.continental.edu.pe\/hubinformacion\/wp-json\/wp\/v2\/posts"}],"about":[{"href":"https:\/\/blog.continental.edu.pe\/hubinformacion\/wp-json\/wp\/v2\/types\/post"}],"author":[{"embeddable":true,"href":"https:\/\/blog.continental.edu.pe\/hubinformacion\/wp-json\/wp\/v2\/users\/66"}],"replies":[{"embeddable":true,"href":"https:\/\/blog.continental.edu.pe\/hubinformacion\/wp-json\/wp\/v2\/comments?post=1483"}],"version-history":[{"count":12,"href":"https:\/\/blog.continental.edu.pe\/hubinformacion\/wp-json\/wp\/v2\/posts\/1483\/revisions"}],"predecessor-version":[{"id":1497,"href":"https:\/\/blog.continental.edu.pe\/hubinformacion\/wp-json\/wp\/v2\/posts\/1483\/revisions\/1497"}],"wp:featuredmedia":[{"embeddable":true,"href":"https:\/\/blog.continental.edu.pe\/hubinformacion\/wp-json\/wp\/v2\/media\/1488"}],"wp:attachment":[{"href":"https:\/\/blog.continental.edu.pe\/hubinformacion\/wp-json\/wp\/v2\/media?parent=1483"}],"wp:term":[{"taxonomy":"category","embeddable":true,"href":"https:\/\/blog.continental.edu.pe\/hubinformacion\/wp-json\/wp\/v2\/categories?post=1483"},{"taxonomy":"post_tag","embeddable":true,"href":"https:\/\/blog.continental.edu.pe\/hubinformacion\/wp-json\/wp\/v2\/tags?post=1483"}],"curies":[{"name":"wp","href":"https:\/\/api.w.org\/{rel}","templated":true}]}}